{"id":1062,"date":"2019-06-25T18:19:16","date_gmt":"2019-06-25T20:19:16","guid":{"rendered":"https:\/\/www.conversasdocoracao.com.br\/blog\/?p=1062"},"modified":"2019-06-26T18:03:42","modified_gmt":"2019-06-26T20:03:42","slug":"maria-a-semi-louca-pensamentos-repetitivos","status":"publish","type":"post","link":"https:\/\/www.conversasdocoracao.com.br\/blog\/2019\/06\/25\/maria-a-semi-louca-pensamentos-repetitivos\/","title":{"rendered":"A SEMI LOUCA !  (NEGA\u00c7\u00c3O)"},"content":{"rendered":"<p>Sou Maria. Nasci negra e linda, h\u00e1 vinte e cinco anos! Cresci numa fam\u00edlia amorosa e com muito contato afetivo. Minha m\u00e3e, uma pessoa forte, charmosa e negra, assim como eu, foi o meu modelo de mulher! Soube fazer na vida tudo aquilo com que sonhou. Meu pai, um alem\u00e3o alto e bonito, de olhos azuis, sempre foi apaixonado por ela. Viviam aos beijos, mesmo estando juntos h\u00e1 tantos anos. Pareciam rec\u00e9m-casados! As pessoas\u00a0 sempre falavam que eles eram &#8220;almas g\u00eameas&#8221;. Realmente ela teve muita sorte de ter encontrado o Amor de sua vida, ainda muito jovem. Imaginem voc\u00eas, ela engravidou com apenas dezessete anos. Uma menina! Meus av\u00f3s, seus pais adotivos, seres humanos maravilhosos, queriam muito que ela completasse os estudos. Se preocupavam muito com o seu futuro. N\u00e3o queriam v\u00ea-la casada t\u00e3o cedo. Mas n\u00e3o teve jeito! Voluntariosa e determinada, decidiu assumir a sua gravidez e o homem de sua vida! Eu soube, atrav\u00e9s das hist\u00f3rias que a fam\u00edlia contava sobre meus pais, que eles tiveram muitas dificuldades no in\u00edcio do seu casamento. Meu pai, tamb\u00e9m jovem, vinte e dois anos, ainda nem tinha completado a universidade. Dava aulas de matem\u00e1tica para eles sobreviverem. Minha m\u00e3e, mesmo comigo beb\u00ea, deu continuidade aos seus estudos de pedagogia. Formou-se e foi crescendo profissionalmente. Mesmo assim ela arranjava tempo para estar muito presente em minha vida.\u00a0 Lembro que, quando eu era menina, a gente brincava juntas, de boneca, como duas crian\u00e7as. Era t\u00e3o bom! Quantas saudades! Nossa, ela era uma pessoa t\u00e3o natural, intensa! Seus olhos expressavam a alma. Fui crescendo. Fiquei a cara dela. S\u00f3 herdei o sorriso de meu pai.\u00a0 Parece que deu certo. Sempre gostei de olhar no espelho e me sentir o m\u00e1ximo!\u00a0 Quanto ao meu pai, fez muito sucesso na engenharia, carreira que seguiu com compet\u00eancia e determina\u00e7\u00e3o.\u00a0 Se resolveu profissionalmente. A \u00fanica coisa ruim eram as longas e constantes viagens profissionais. Eu e minha m\u00e3e\u00a0 sent\u00edamos muito a falta dele. Minha m\u00e3e contava os dias. Quando ele retornava, era uma festa! Ele tamb\u00e9m chegava com a alegria de um menino ! Por\u00e9m, existem coisas que quero um dia perguntar \u00e0 DEUS! H\u00e1 cinco meses , em uma dessas viagens, numa noite chuvosa, recebemos um telefonema no meio da noite. Foi a not\u00edcia mais tr\u00e1gica que podia chegar.\u00a0 Meu pai tinha sofrido um acidente na estrada e perdeu a vida!!! Enlouquecemos. A dor intensa desfigurava a minha alma.\u00a0 Minha m\u00e3e desmaiou! Depois desse momento, me deu um &#8220;branco mental&#8221;. Fiquei sem a\u00e7\u00e3o. O meu mundo emocional se virou de cabe\u00e7a para baixo. Desde de l\u00e1, estou tendo &#8220;transtorno de ansiedade&#8221;. Fico muito mal. Respira\u00e7\u00e3o acelerada.Tonturas que alternam com dores no peito.\u00a0 Mal estar geral. N\u00e3o me reconhe\u00e7o. Pensei que estava card\u00edaca. Os m\u00e9dicos me acalmaram. Estou indo a um psic\u00f3logo. A terapia est\u00e1 me mostrando que tenho que me reorganizar e continuar&#8230; Preciso me restabelecer! Ainda tenho uma negra maravilhosa, que, pela dor profunda, parece uma &#8220;semi- louca&#8221;. Ela nega a morte de seu Amor! Todos os dias, \u00e0 noitinha, se arruma toda e senta na varanda. Espera que ele volte. N\u00e3o quer ouvir ningu\u00e9m. N\u00e3o aceita nenhum tratamento. S\u00f3 aceita o meu carinho! Depois de esperar at\u00e9 a exaust\u00e3o, meio adormecida, consigo que ela v\u00e1 para a cama, bem abra\u00e7ada a mim. As nossas dores se cruzam por instantes! Tento sair rapidamente desse estado emocional, antes que eu tamb\u00e9m fique na varanda \u00e0 espera de meu pai!!!<\/p>\n","protected":false},"excerpt":{"rendered":"<p>Sou Maria. Nasci negra e linda, h\u00e1 vinte e cinco anos! Cresci numa fam\u00edlia amorosa e com muito contato afetivo. Minha m\u00e3e, uma pessoa forte, charmosa e negra, assim como eu, foi o meu modelo de mulher! Soube fazer na vida tudo aquilo com que sonhou. Meu pai, um alem\u00e3o alto e bonito, de olhos &hellip; <a href=\"https:\/\/www.conversasdocoracao.com.br\/blog\/2019\/06\/25\/maria-a-semi-louca-pensamentos-repetitivos\/\" class=\"more-link\">Continue lendo<span class=\"screen-reader-text\"> &#8220;A SEMI LOUCA !  (NEGA\u00c7\u00c3O)&#8221;<\/span><\/a><\/p>\n","protected":false},"author":2,"featured_media":0,"comment_status":"open","ping_status":"open","sticky":false,"template":"","format":"standard","meta":[],"categories":[1],"tags":[],"_links":{"self":[{"href":"https:\/\/www.conversasdocoracao.com.br\/blog\/wp-json\/wp\/v2\/posts\/1062"}],"collection":[{"href":"https:\/\/www.conversasdocoracao.com.br\/blog\/wp-json\/wp\/v2\/posts"}],"about":[{"href":"https:\/\/www.conversasdocoracao.com.br\/blog\/wp-json\/wp\/v2\/types\/post"}],"author":[{"embeddable":true,"href":"https:\/\/www.conversasdocoracao.com.br\/blog\/wp-json\/wp\/v2\/users\/2"}],"replies":[{"embeddable":true,"href":"https:\/\/www.conversasdocoracao.com.br\/blog\/wp-json\/wp\/v2\/comments?post=1062"}],"version-history":[{"count":7,"href":"https:\/\/www.conversasdocoracao.com.br\/blog\/wp-json\/wp\/v2\/posts\/1062\/revisions"}],"predecessor-version":[{"id":1071,"href":"https:\/\/www.conversasdocoracao.com.br\/blog\/wp-json\/wp\/v2\/posts\/1062\/revisions\/1071"}],"wp:attachment":[{"href":"https:\/\/www.conversasdocoracao.com.br\/blog\/wp-json\/wp\/v2\/media?parent=1062"}],"wp:term":[{"taxonomy":"category","embeddable":true,"href":"https:\/\/www.conversasdocoracao.com.br\/blog\/wp-json\/wp\/v2\/categories?post=1062"},{"taxonomy":"post_tag","embeddable":true,"href":"https:\/\/www.conversasdocoracao.com.br\/blog\/wp-json\/wp\/v2\/tags?post=1062"}],"curies":[{"name":"wp","href":"https:\/\/api.w.org\/{rel}","templated":true}]}}