{"id":1109,"date":"2019-08-13T17:30:44","date_gmt":"2019-08-13T19:30:44","guid":{"rendered":"https:\/\/www.conversasdocoracao.com.br\/blog\/?p=1109"},"modified":"2019-08-13T17:30:44","modified_gmt":"2019-08-13T19:30:44","slug":"fantasias-de-mulher-carente-contato-com-a-realidade","status":"publish","type":"post","link":"https:\/\/www.conversasdocoracao.com.br\/blog\/2019\/08\/13\/fantasias-de-mulher-carente-contato-com-a-realidade\/","title":{"rendered":"FANTASIAS DE MULHER CARENTE! (CONTATO COM A REALIDADE)"},"content":{"rendered":"<p>Sou Carla! Quem se atreve a me julgar? Sou casada e traio &#8220;emocionalmente&#8221; o meu marido. Tenho fantasias com outros homens.\u00a0 Acho que\u00a0 entrei na idade da &#8220;loba&#8221;! De uns tempos para c\u00e1, me surpreendo com pensamentos em cenas \u00edntimas e rom\u00e2nticas com personagens criados em minha imagina\u00e7\u00e3o. A primeira vez em que isso aconteceu, foi ap\u00f3s uma briga feia que houve entre eu e o Ricardo, meu marido. Ele foi t\u00e3o grosseiro que tive \u00edmpetos de pular no pesco\u00e7o dele! Claro que n\u00e3o cometeria esse ato insano. N\u00e3o sou louca e nem burra! Um metro e noventa de puros m\u00fasculos! A rotina, a falta de criatividade e contas a pagar, foram amortecendo os meus sentimentos por ele. Acho que eu esperava muito desse casamento! De certa forma eu consegui. Tenho a &#8220;LUNA&#8221;, uma filha maravilhosa, a cara do pai. Ao mesmo tempo em que ilumina as nossas vidas, tamb\u00e9m representa um obst\u00e1culo a realizar os meus sonhos de mulher. E olha que s\u00e3o muitos! Mas Luna est\u00e1 acima de tudo para mim! Por ela eu morro! Quando aprendi a me refugiar em minhas fantasias, o\u00a0 mundo ficou mais colorido. Em minha cabe\u00e7a, encontrei uma forma secreta de me manter feliz e n\u00e3o destruir a minha fam\u00edlia. Era t\u00e3o engra\u00e7ado. Muitas vezes me peguei provocando o Ricardo s\u00f3 para ele ser agressivo e eu poder criar em minha mente um personagem capaz de satisfazer meus desejos de mulher e eu n\u00e3o sentir culpa. Sei que atr\u00e1s desse comportamento desequilibrado, que surge em nossas brigas, existe um homem tentando se fortalecer para se sentir mais admirado e com uma melhor auto-estima. Acho que por isso sinto culpa. Nem sei se ainda o amo. S\u00f3 sei que preciso sonhar e realizar desejos enquanto me sinto &#8220;VIVA&#8221;! Muitas vezes me critico e me acho imatura. Nesses momentos volto \u00e0 minha lucidez. Enxergo a realidade. Valorizo mais o meu marido e consigo at\u00e9 sentir tes\u00e3o por ele. Assim passamos curtos per\u00edodos de &#8220;felicidade&#8221;! Dali a pouco todo o inferno se repete. Num desses per\u00edodos de guerra fui ao supermercado. Estava numa banca de produtos naturais, distra\u00edda; ou\u00e7o uma voz rouca e m\u00e1scula me perguntando sobre os morangos incr\u00edveis que ali estavam expostos. Levantei os olhos e vi a personifica\u00e7\u00e3o de meus sonhos. Tremi. Gaguejei! Nem me lembro o que falei, s\u00f3 sei que F\u00e1bio, esse era o seu nome, passou a ocupar o meus pensamentos, perigosamente. Alimentei esse perigo por seis meses. Foram momentos plat\u00f4nicos! Quando nossa &#8220;amizade&#8221; foi ficando muito amea\u00e7adora, resolvi dar um basta. Eu n\u00e3o poderia destruir meu casamento por uma fantasia. Acho que foi o contato com a realidade mais sofrido que vivi. Tive que fazer uma escolha. Sentia que aquela sonho n\u00e3o tinha bases\u00a0 na realidade. F\u00e1bio era quase um adolescente! Eu uma mulher de quarenta. Me afastei! Fiquei mais exigente e adulta com o meu marido. Ele com medo de me perder mudou muito! Se conscientizou e se assustou com minhas mudan\u00e7as de atitudes. O meu casamento foi se tornando mais feliz. Menos brigas. Mais respeito! Acho que estamos amadurecendo. Vejo minha filha mais segura. Vivendo mais alegre os seus nove anos de idade. Acho que me ancorei numa fase de crescimento e auto realiza\u00e7\u00e3o. Voltei a estudar jornalismo.\u00a0 Estava noutro dia na lanchonete da faculdade, senti um tocar leve em meu ombro. Reconheci aquela voz rouca e m\u00e1scula. DESTA VEZ EU N\u00c3O TREMI!!!<\/p>\n","protected":false},"excerpt":{"rendered":"<p>Sou Carla! Quem se atreve a me julgar? Sou casada e traio &#8220;emocionalmente&#8221; o meu marido. Tenho fantasias com outros homens.\u00a0 Acho que\u00a0 entrei na idade da &#8220;loba&#8221;! De uns tempos para c\u00e1, me surpreendo com pensamentos em cenas \u00edntimas e rom\u00e2nticas com personagens criados em minha imagina\u00e7\u00e3o. A primeira vez em que isso aconteceu, &hellip; <a href=\"https:\/\/www.conversasdocoracao.com.br\/blog\/2019\/08\/13\/fantasias-de-mulher-carente-contato-com-a-realidade\/\" class=\"more-link\">Continue lendo<span class=\"screen-reader-text\"> &#8220;FANTASIAS DE MULHER CARENTE! (CONTATO COM A REALIDADE)&#8221;<\/span><\/a><\/p>\n","protected":false},"author":2,"featured_media":0,"comment_status":"open","ping_status":"open","sticky":false,"template":"","format":"standard","meta":[],"categories":[1],"tags":[],"_links":{"self":[{"href":"https:\/\/www.conversasdocoracao.com.br\/blog\/wp-json\/wp\/v2\/posts\/1109"}],"collection":[{"href":"https:\/\/www.conversasdocoracao.com.br\/blog\/wp-json\/wp\/v2\/posts"}],"about":[{"href":"https:\/\/www.conversasdocoracao.com.br\/blog\/wp-json\/wp\/v2\/types\/post"}],"author":[{"embeddable":true,"href":"https:\/\/www.conversasdocoracao.com.br\/blog\/wp-json\/wp\/v2\/users\/2"}],"replies":[{"embeddable":true,"href":"https:\/\/www.conversasdocoracao.com.br\/blog\/wp-json\/wp\/v2\/comments?post=1109"}],"version-history":[{"count":1,"href":"https:\/\/www.conversasdocoracao.com.br\/blog\/wp-json\/wp\/v2\/posts\/1109\/revisions"}],"predecessor-version":[{"id":1111,"href":"https:\/\/www.conversasdocoracao.com.br\/blog\/wp-json\/wp\/v2\/posts\/1109\/revisions\/1111"}],"wp:attachment":[{"href":"https:\/\/www.conversasdocoracao.com.br\/blog\/wp-json\/wp\/v2\/media?parent=1109"}],"wp:term":[{"taxonomy":"category","embeddable":true,"href":"https:\/\/www.conversasdocoracao.com.br\/blog\/wp-json\/wp\/v2\/categories?post=1109"},{"taxonomy":"post_tag","embeddable":true,"href":"https:\/\/www.conversasdocoracao.com.br\/blog\/wp-json\/wp\/v2\/tags?post=1109"}],"curies":[{"name":"wp","href":"https:\/\/api.w.org\/{rel}","templated":true}]}}