{"id":111,"date":"2016-12-13T16:03:39","date_gmt":"2016-12-13T18:03:39","guid":{"rendered":"https:\/\/www.conversasdocoracao.com.br\/blog\/?p=111"},"modified":"2023-11-15T17:40:41","modified_gmt":"2023-11-15T20:40:41","slug":"fim-de-ano","status":"publish","type":"post","link":"https:\/\/www.conversasdocoracao.com.br\/blog\/2016\/12\/13\/fim-de-ano\/","title":{"rendered":"FIM DE ANO  (MUDAN\u00c7AS INTERNAS)!"},"content":{"rendered":"<p>Ano dif\u00edcil! Me dei conta n\u00e3o ter realizado nem a metade de tudo que havia planejado. Abdiquei de\u00a0 minha vida pessoal, tentando resolver problemas mal resolvidos dos outros. E o pior, como se fossem meus. Pura loucura. Sinto que perdi meu tempo. N\u00e3o quero mais\u00a0 isso pra mim. Basta! Tenho\u00a0 tend\u00eancia emocional em desenvolver fortes apegos com quem n\u00e3o merece.\u00a0 Preciso ser mais seletiva e me preservar. Perco muita energia. N\u00e3o consigo solucionar situa\u00e7\u00f5es que saem do meu controle e n\u00e3o dependem de mim! Jose Carlos tem brincado com meus sentimentos. Invade meu espa\u00e7o, magoa a minha pessoa, como se eu fosse a respons\u00e1vel por suas dores e sequelas emocionais. De repente, me transforma em algoz.\u00a0 Basta eu n\u00e3o\u00a0 responder \u00e1s suas expectativas e j\u00e1 recebo o nobre r\u00f3tulo de &#8220;louca&#8221;! Ele \u00e9 t\u00e3o eficaz! tem um enorme poder de persuas\u00e3o. Quase acreditei. Isso tem me feito muito mal. Andei analisando muito e, descobri em terapia, que desenvolvi esse quadro mental e me ancorei. Uma perfeita idiota! Nutri esse padr\u00e3o. Sou a \u00fanica\u00a0 respons\u00e1vel. Ando refletindo como tudo isso tem confundido a minha cabe\u00e7a, transformando minha vida numa montanha russa. Em terapia pude sentir como isso \u00e9\u00a0 patol\u00f3gico e me destr\u00f3i. Estou num processo de profundas mudan\u00e7as onde busco resgatar minha\u00a0 identidade perdida.\u00a0 Dia destes\u00a0 sonhei que encontrei minha bolsa perdida.\u00a0 &#8220;Nela havia todos os meus\u00a0 documentos &#8220;. Acordei aliviada. Resgatei parte\u00a0 da identidade perdida. Estou preparada para o REVEILLON !<\/p>\n","protected":false},"excerpt":{"rendered":"<p>Ano dif\u00edcil! Me dei conta n\u00e3o ter realizado nem a metade de tudo que havia planejado. Abdiquei de\u00a0 minha vida pessoal, tentando resolver problemas mal resolvidos dos outros. E o pior, como se fossem meus. Pura loucura. Sinto que perdi meu tempo. N\u00e3o quero mais\u00a0 isso pra mim. Basta! Tenho\u00a0 tend\u00eancia emocional em desenvolver fortes &hellip; <a href=\"https:\/\/www.conversasdocoracao.com.br\/blog\/2016\/12\/13\/fim-de-ano\/\" class=\"more-link\">Continue lendo<span class=\"screen-reader-text\"> &#8220;FIM DE ANO  (MUDAN\u00c7AS INTERNAS)!&#8221;<\/span><\/a><\/p>\n","protected":false},"author":2,"featured_media":0,"comment_status":"open","ping_status":"open","sticky":false,"template":"","format":"standard","meta":[],"categories":[1],"tags":[],"_links":{"self":[{"href":"https:\/\/www.conversasdocoracao.com.br\/blog\/wp-json\/wp\/v2\/posts\/111"}],"collection":[{"href":"https:\/\/www.conversasdocoracao.com.br\/blog\/wp-json\/wp\/v2\/posts"}],"about":[{"href":"https:\/\/www.conversasdocoracao.com.br\/blog\/wp-json\/wp\/v2\/types\/post"}],"author":[{"embeddable":true,"href":"https:\/\/www.conversasdocoracao.com.br\/blog\/wp-json\/wp\/v2\/users\/2"}],"replies":[{"embeddable":true,"href":"https:\/\/www.conversasdocoracao.com.br\/blog\/wp-json\/wp\/v2\/comments?post=111"}],"version-history":[{"count":12,"href":"https:\/\/www.conversasdocoracao.com.br\/blog\/wp-json\/wp\/v2\/posts\/111\/revisions"}],"predecessor-version":[{"id":2986,"href":"https:\/\/www.conversasdocoracao.com.br\/blog\/wp-json\/wp\/v2\/posts\/111\/revisions\/2986"}],"wp:attachment":[{"href":"https:\/\/www.conversasdocoracao.com.br\/blog\/wp-json\/wp\/v2\/media?parent=111"}],"wp:term":[{"taxonomy":"category","embeddable":true,"href":"https:\/\/www.conversasdocoracao.com.br\/blog\/wp-json\/wp\/v2\/categories?post=111"},{"taxonomy":"post_tag","embeddable":true,"href":"https:\/\/www.conversasdocoracao.com.br\/blog\/wp-json\/wp\/v2\/tags?post=111"}],"curies":[{"name":"wp","href":"https:\/\/api.w.org\/{rel}","templated":true}]}}