{"id":1123,"date":"2019-09-04T17:50:08","date_gmt":"2019-09-04T19:50:08","guid":{"rendered":"https:\/\/www.conversasdocoracao.com.br\/blog\/?p=1123"},"modified":"2020-09-06T17:44:05","modified_gmt":"2020-09-06T20:44:05","slug":"nao-sou-assassina-reacoes-inconscientes","status":"publish","type":"post","link":"https:\/\/www.conversasdocoracao.com.br\/blog\/2019\/09\/04\/nao-sou-assassina-reacoes-inconscientes\/","title":{"rendered":"N\u00c3O SOU ASSASSINA! (REA\u00c7\u00d5ES INCONSCIENTES)."},"content":{"rendered":"<p>Neste \u00faltimo fim de semana, resolvi mexer em fotos antigas. Fui at\u00e9 as gavetas da c\u00f4moda de meu quarto e revirei tudo em cima da cama. Nossa, acho que tinha mais de duzentas fotos! Ali estava a hist\u00f3ria de minha vida. Quantas lembran\u00e7as! Alegrias e dores me vieram \u00e0 mente. Me vi no colo de minha m\u00e3e. T\u00e3o beb\u00ea! Ela parecia estar feliz, naquele momento. Tinha um certo brilho em seu olhar! Expressava uma imagem que eu nunca mais pude encontrar nela. A cada foto que caia em minha m\u00e3os, eu parava um pouco e tentava me transportar para aquele momento. Buscava sentir a emo\u00e7\u00e3o que brotava em mim. Parecia uma viagem. Estava literalmente mergulhando em todo o meu passado. Algumas fotos me despertavam mais emo\u00e7\u00f5es. Numa das fotos, reencontrei o meu pai, jovem e muito charmoso. Ele era bem o meu tipo de homem! Hoje, entendo todo os ci\u00fames de minha m\u00e3e. A mulherada n\u00e3o se segurava. Nem queria saber se ele era casado.\u00a0 Era um homem atraente e expressava muita sensualidade. Minha m\u00e3e sofreu muito com ele! Na verdade, ela vivia t\u00e3o infernizada que mal tinha tempo para mim. Recordo dela brigando, gritando&#8230; At\u00e9 o agredindo fisicamente. Coitada! Lembro da minha impot\u00eancia diante das crises deles. Isso foi durante toda a minha inf\u00e2ncia. Eu sofria demais, com toda aquele situa\u00e7\u00e3o. Ficava assustada e insegura. Tinha muito medo de perder os meus pais! A cada briga deles, eu me escondia atr\u00e1s da porta. L\u00e1 me sentia protegida daquela viol\u00eancia. Era um clima de horror! Assim que as brigas passavam, enquanto minha m\u00e3e se entregava \u00e0 bebida, eu pegava o meu gatinho Nino e corria para o quarto. Ele sim era meu amigo! L\u00e1, a gente brincava muito, muito! Fazia de conta que ele era meu filhinho. Penteava suavemente seus pelos macios e brancos. Conversava muito com ele. Na maioria das vezes, adormecia abra\u00e7ada com o Nino. De vez em quando, quando minha m\u00e3e se recuperava de sua loucura, ia me acordar e me contava uma hist\u00f3ria. Eu sempre senti aus\u00eancia de contato em seu olhar. Ainda dizem que crian\u00e7a n\u00e3o percebe essas situa\u00e7\u00f5es! Ela at\u00e9 tentava me proteger, mas, pouco conseguiu. Hoje eu a entendo! Ela era muito fragilizada! Fiquei traumatizada com o relacionamento doentio de meus pais. Eles j\u00e1 faleceram h\u00e1 alguns anos! Cresci pensando em nunca me envolver com nenhum homem. Nunca\u00a0 ter um filho! Me transformei num mulher insegura com medo de amar e n\u00e3o ser feliz. Fiquei com a sensa\u00e7\u00e3o que relacionamentos s\u00f3 geram ansiedades e sofrimentos. Destroem a mulher. Sempre desconfiei de todos os homens! Namorei alguns. Nunca me apaixonei. Tenho trinta anos de idade. Neste momento de vida, estou desesperada! Num intenso conflito! Descobri que estou gr\u00e1vida de um rapaz sensual, Gabriel, com quem fico de vez em quando. Ele diz\u00a0 ser apaixonado por mim. N\u00e3o acredito nele!\u00a0 Evito entrar nesse assunto. Gosto de sua pele e seu cheiro. S\u00f3 isso! Nunca quis compromisso e nem envolvimento. Quase morri com a not\u00edcia da gravidez! Como assim? Sempre tive tantas precau\u00e7\u00f5es!!! Adoro crian\u00e7a e <strong>n\u00e3o<\/strong> quero ser m\u00e3e! \u00c9 um paradoxo em minha vida. Marquei o aborto! Minha culpa est\u00e1 avassaladora!\u00a0 Tenho me sentido uma bruxa! Uma verdadeira assassina!\u00a0 Acho que por isso fui remexer as fotos, l\u00e1 na gaveta\u00a0 da c\u00f4moda. Buscar algum motivo para, talvez, deixar aflorar desejos reprimidos. Reparar dores do cora\u00e7\u00e3o.\u00a0 Confesso que as hist\u00f3rias revividas repaginaram algumas sensa\u00e7\u00f5es ancoradas na tristeza! Alguma coisa mudou. Ando sonhando acordada, desde o come\u00e7o dessa semana. Quando penso numa nova vida se desenvolvendo dentro de mim, o mundo tem ficado mais colorido. Acho que a ambival\u00eancia chegou ao fim! Nesta manh\u00e3, recebi um telefonema da cl\u00ednica :- &#8220;RESPONDI UM SONORO SIM \u00c0 VIDA&#8221;!!!<\/p>\n","protected":false},"excerpt":{"rendered":"<p>Neste \u00faltimo fim de semana, resolvi mexer em fotos antigas. Fui at\u00e9 as gavetas da c\u00f4moda de meu quarto e revirei tudo em cima da cama. Nossa, acho que tinha mais de duzentas fotos! Ali estava a hist\u00f3ria de minha vida. Quantas lembran\u00e7as! Alegrias e dores me vieram \u00e0 mente. Me vi no colo de &hellip; <a href=\"https:\/\/www.conversasdocoracao.com.br\/blog\/2019\/09\/04\/nao-sou-assassina-reacoes-inconscientes\/\" class=\"more-link\">Continue lendo<span class=\"screen-reader-text\"> &#8220;N\u00c3O SOU ASSASSINA! (REA\u00c7\u00d5ES INCONSCIENTES).&#8221;<\/span><\/a><\/p>\n","protected":false},"author":2,"featured_media":0,"comment_status":"open","ping_status":"open","sticky":false,"template":"","format":"standard","meta":[],"categories":[1],"tags":[],"_links":{"self":[{"href":"https:\/\/www.conversasdocoracao.com.br\/blog\/wp-json\/wp\/v2\/posts\/1123"}],"collection":[{"href":"https:\/\/www.conversasdocoracao.com.br\/blog\/wp-json\/wp\/v2\/posts"}],"about":[{"href":"https:\/\/www.conversasdocoracao.com.br\/blog\/wp-json\/wp\/v2\/types\/post"}],"author":[{"embeddable":true,"href":"https:\/\/www.conversasdocoracao.com.br\/blog\/wp-json\/wp\/v2\/users\/2"}],"replies":[{"embeddable":true,"href":"https:\/\/www.conversasdocoracao.com.br\/blog\/wp-json\/wp\/v2\/comments?post=1123"}],"version-history":[{"count":5,"href":"https:\/\/www.conversasdocoracao.com.br\/blog\/wp-json\/wp\/v2\/posts\/1123\/revisions"}],"predecessor-version":[{"id":1701,"href":"https:\/\/www.conversasdocoracao.com.br\/blog\/wp-json\/wp\/v2\/posts\/1123\/revisions\/1701"}],"wp:attachment":[{"href":"https:\/\/www.conversasdocoracao.com.br\/blog\/wp-json\/wp\/v2\/media?parent=1123"}],"wp:term":[{"taxonomy":"category","embeddable":true,"href":"https:\/\/www.conversasdocoracao.com.br\/blog\/wp-json\/wp\/v2\/categories?post=1123"},{"taxonomy":"post_tag","embeddable":true,"href":"https:\/\/www.conversasdocoracao.com.br\/blog\/wp-json\/wp\/v2\/tags?post=1123"}],"curies":[{"name":"wp","href":"https:\/\/api.w.org\/{rel}","templated":true}]}}