{"id":113,"date":"2016-12-14T17:10:51","date_gmt":"2016-12-14T19:10:51","guid":{"rendered":"https:\/\/www.conversasdocoracao.com.br\/blog\/?p=113"},"modified":"2021-01-28T19:02:05","modified_gmt":"2021-01-28T22:02:05","slug":"comecar-de-novo","status":"publish","type":"post","link":"https:\/\/www.conversasdocoracao.com.br\/blog\/2016\/12\/14\/comecar-de-novo\/","title":{"rendered":"COME\u00c7AR DE NOVO  ((RENASCIMENTO EMOCIONAL)!"},"content":{"rendered":"<p>Parece ter sido ontem! Andava\u00a0 distra\u00edda pelas ruas arborizadas de Pinheiros! Os aromas das flores invadindo todos os meus sentidos! De repente, eu te encontrei! Voc\u00ea chegou meio perdido! Eu estava me sentindo assim tamb\u00e9m! Nossos olhares se cruzaram! Percebi um verde intenso! Uma express\u00e3o quase chorosa, triste! Foi t\u00e3o forte, t\u00e3o forte!\u00a0 Seu olhar tem algemas! Rolou na minha cabe\u00e7a um filme antigo, perdido no passado,&#8221; Medo de Sofrer&#8221;! Quis fugir, n\u00e3o teve jeito. Voc\u00ea me conquistou! Resolvi enfrentar. Conversei com meu cora\u00e7\u00e3o! Implorei que ele n\u00e3o me deixasse ir embora novamente. Fiz s\u00e9rias amea\u00e7as de abandono, afinal, eu poderia tranc\u00e1-lo para sempre! Hoje, passado seis anos, com trinta e quatro anos de idade, afirmo feliz que valeu a pena. N\u00e3o foi f\u00e1cil no come\u00e7o! A entrega foi acontecendo lentamente! N\u00e3o houve pressa! Deixei o cora\u00e7\u00e3o ir dando o ritmo! Senti que foi acontecendo na medida exata em que percebi como a confian\u00e7a e\u00a0\u00a0as sensa\u00e7\u00f5es do primeiro encontro, n\u00e3o perderam o colorido. &#8220;SOU FELIZ&#8221;!<\/p>\n","protected":false},"excerpt":{"rendered":"<p>Parece ter sido ontem! Andava\u00a0 distra\u00edda pelas ruas arborizadas de Pinheiros! Os aromas das flores invadindo todos os meus sentidos! De repente, eu te encontrei! Voc\u00ea chegou meio perdido! Eu estava me sentindo assim tamb\u00e9m! Nossos olhares se cruzaram! Percebi um verde intenso! Uma express\u00e3o quase chorosa, triste! Foi t\u00e3o forte, t\u00e3o forte!\u00a0 Seu olhar &hellip; <a href=\"https:\/\/www.conversasdocoracao.com.br\/blog\/2016\/12\/14\/comecar-de-novo\/\" class=\"more-link\">Continue lendo<span class=\"screen-reader-text\"> &#8220;COME\u00c7AR DE NOVO  ((RENASCIMENTO EMOCIONAL)!&#8221;<\/span><\/a><\/p>\n","protected":false},"author":2,"featured_media":0,"comment_status":"open","ping_status":"open","sticky":false,"template":"","format":"standard","meta":[],"categories":[1],"tags":[],"_links":{"self":[{"href":"https:\/\/www.conversasdocoracao.com.br\/blog\/wp-json\/wp\/v2\/posts\/113"}],"collection":[{"href":"https:\/\/www.conversasdocoracao.com.br\/blog\/wp-json\/wp\/v2\/posts"}],"about":[{"href":"https:\/\/www.conversasdocoracao.com.br\/blog\/wp-json\/wp\/v2\/types\/post"}],"author":[{"embeddable":true,"href":"https:\/\/www.conversasdocoracao.com.br\/blog\/wp-json\/wp\/v2\/users\/2"}],"replies":[{"embeddable":true,"href":"https:\/\/www.conversasdocoracao.com.br\/blog\/wp-json\/wp\/v2\/comments?post=113"}],"version-history":[{"count":9,"href":"https:\/\/www.conversasdocoracao.com.br\/blog\/wp-json\/wp\/v2\/posts\/113\/revisions"}],"predecessor-version":[{"id":1930,"href":"https:\/\/www.conversasdocoracao.com.br\/blog\/wp-json\/wp\/v2\/posts\/113\/revisions\/1930"}],"wp:attachment":[{"href":"https:\/\/www.conversasdocoracao.com.br\/blog\/wp-json\/wp\/v2\/media?parent=113"}],"wp:term":[{"taxonomy":"category","embeddable":true,"href":"https:\/\/www.conversasdocoracao.com.br\/blog\/wp-json\/wp\/v2\/categories?post=113"},{"taxonomy":"post_tag","embeddable":true,"href":"https:\/\/www.conversasdocoracao.com.br\/blog\/wp-json\/wp\/v2\/tags?post=113"}],"curies":[{"name":"wp","href":"https:\/\/api.w.org\/{rel}","templated":true}]}}