{"id":115,"date":"2016-12-20T16:16:18","date_gmt":"2016-12-20T18:16:18","guid":{"rendered":"https:\/\/www.conversasdocoracao.com.br\/blog\/?p=115"},"modified":"2018-09-26T11:40:10","modified_gmt":"2018-09-26T13:40:10","slug":"o-tempo","status":"publish","type":"post","link":"https:\/\/www.conversasdocoracao.com.br\/blog\/2016\/12\/20\/o-tempo\/","title":{"rendered":"O TEMPO  ( PERCEP\u00c7\u00c3O)!"},"content":{"rendered":"<p>Sentada na pra\u00e7a nesta\u00a0tarde fria\u00a0\u00a0de primavera, provocando um certo arrepio, sinto a magia da vida! Quanta beleza! O vento sopra com suavidade, as folhas das\u00a0\u00e1rvores dan\u00e7am como num grande baile, com harmonia e ritmo! Os sons de carros, vozes, caminhar das pessoas, se misturam nesse cen\u00e1rio, transmitindo, os movimentos desta tarde! Estou cansada e feliz! Percebo como uma noite mal dormida, te tira do eixo! Percebo tamb\u00e9m, como o tempo nos mostra for\u00e7a e flexibilidade. Ningu\u00e9m o\u00a0derruba ! Nada consegue impedir que ele transcorra! Sem limite! Nem mesmo a morte! Esse encontro, do tempo com a morte me faz pensar, como a beleza \u00e9 ef\u00eamera e eterna!<\/p>\n","protected":false},"excerpt":{"rendered":"<p>Sentada na pra\u00e7a nesta\u00a0tarde fria\u00a0\u00a0de primavera, provocando um certo arrepio, sinto a magia da vida! Quanta beleza! O vento sopra com suavidade, as folhas das\u00a0\u00e1rvores dan\u00e7am como num grande baile, com harmonia e ritmo! Os sons de carros, vozes, caminhar das pessoas, se misturam nesse cen\u00e1rio, transmitindo, os movimentos desta tarde! Estou cansada e feliz! &hellip; <a href=\"https:\/\/www.conversasdocoracao.com.br\/blog\/2016\/12\/20\/o-tempo\/\" class=\"more-link\">Continue lendo<span class=\"screen-reader-text\"> &#8220;O TEMPO  ( PERCEP\u00c7\u00c3O)!&#8221;<\/span><\/a><\/p>\n","protected":false},"author":2,"featured_media":0,"comment_status":"open","ping_status":"open","sticky":false,"template":"","format":"standard","meta":[],"categories":[1],"tags":[],"_links":{"self":[{"href":"https:\/\/www.conversasdocoracao.com.br\/blog\/wp-json\/wp\/v2\/posts\/115"}],"collection":[{"href":"https:\/\/www.conversasdocoracao.com.br\/blog\/wp-json\/wp\/v2\/posts"}],"about":[{"href":"https:\/\/www.conversasdocoracao.com.br\/blog\/wp-json\/wp\/v2\/types\/post"}],"author":[{"embeddable":true,"href":"https:\/\/www.conversasdocoracao.com.br\/blog\/wp-json\/wp\/v2\/users\/2"}],"replies":[{"embeddable":true,"href":"https:\/\/www.conversasdocoracao.com.br\/blog\/wp-json\/wp\/v2\/comments?post=115"}],"version-history":[{"count":9,"href":"https:\/\/www.conversasdocoracao.com.br\/blog\/wp-json\/wp\/v2\/posts\/115\/revisions"}],"predecessor-version":[{"id":622,"href":"https:\/\/www.conversasdocoracao.com.br\/blog\/wp-json\/wp\/v2\/posts\/115\/revisions\/622"}],"wp:attachment":[{"href":"https:\/\/www.conversasdocoracao.com.br\/blog\/wp-json\/wp\/v2\/media?parent=115"}],"wp:term":[{"taxonomy":"category","embeddable":true,"href":"https:\/\/www.conversasdocoracao.com.br\/blog\/wp-json\/wp\/v2\/categories?post=115"},{"taxonomy":"post_tag","embeddable":true,"href":"https:\/\/www.conversasdocoracao.com.br\/blog\/wp-json\/wp\/v2\/tags?post=115"}],"curies":[{"name":"wp","href":"https:\/\/api.w.org\/{rel}","templated":true}]}}