{"id":119,"date":"2017-01-04T16:08:42","date_gmt":"2017-01-04T18:08:42","guid":{"rendered":"https:\/\/www.conversasdocoracao.com.br\/blog\/?p=119"},"modified":"2018-09-26T16:50:36","modified_gmt":"2018-09-26T18:50:36","slug":"a-historia-de-roberto","status":"publish","type":"post","link":"https:\/\/www.conversasdocoracao.com.br\/blog\/2017\/01\/04\/a-historia-de-roberto\/","title":{"rendered":"A HIST\u00d3RIA DE ROBERTO ( COMO LIDAR COM O PAI TIRANO)!"},"content":{"rendered":"<p>Cada paciente que chega me\u00a0traz um grande aprendizado! Penso que essa troca\u00a0faz parte da constru\u00e7\u00e3o que nos permitimos nesse mundo. Quero focar aqui a import\u00e2ncia de nossos afetos, de como recebemos e expressamos esses afetos. Muitas vezes temos dificuldades na capacidade de express\u00e3o! Desenvolvemos bloqueios na forma\u00e7\u00e3o do car\u00e1ter. Essas defesas impedem a manifesta\u00e7\u00e3o dos conte\u00fados, em maior ou menor grau. O caso que descreverei \u00e9 um bom exemplo! H\u00e1 algum tempo, recebi um telefonema de um homem, que chamarei de Roberto. Dizia estar desesperado, precisava ser ouvido! Estava muito mal e sozinho! Tinha sido encaminhado por uma paciente. Marcamos a entrevista. Quando o recebi, estava visivelmente alterado, nervoso, tentando ser simp\u00e1tico! No decorrer da conversa, foi se acalmando e tentando verbalizar o conflito em que se sentia. Fui entendendo seus dramas e afli\u00e7\u00f5es! Em seu relato, falou da rela\u00e7\u00e3o vivida com seu pai , um\u00a0homem austero, r\u00edgido, que n\u00e3o respeitava a identidade do filho. Isso foi uma constante\u00a0durante toda sua vida! N\u00e3o se sentia admirado e nem amado por esse\u00a0pai! Tinha tido um relacionamento insustent\u00e1vel.\u00a0O pai repetidamente o desqualificava.\u00a0Exigia que respondesse \u00e0s suas expectativas e, como\u00a0isso n\u00e3o acontecia, n\u00e3o perdia a chance de o humilhar. Roberto se sentia impotente! Toda essa situa\u00e7\u00e3o foi desestabilizando seu emocional. Desesperado, n\u00e3o teve outra sa\u00edda sen\u00e3o\u00a0romper\u00a0a relac\u00e3o.\u00a0Foi a\u00a0\u00fanica\u00a0forma que encontrou! \u00a8Pronto, a ferida ficou aberta&#8221;! Longe desse pai , ao contr\u00e1rio do que pensava, Roberto ficou ainda mais fragilizado!\u00a0Esse pai\u00a0se tornou um tirano dentro de seu peito.\u00a0Sentia-se anulado, sem identidade! Esse c\u00edrculo vicioso ficou enlouquecedor! N\u00e3o conseguia trabalhar, nem namorar; afinal ele se sentia\u00a0&#8220;um nada&#8221;! Durante o processo terap\u00eautico, precisou se enxergar pelo avesso. Perceber car\u00eancias, frustra\u00e7\u00f5es e o modelo de figura paterna que tinha sido\u00a0constru\u00eddo em seu mundo interno. Come\u00e7ou a encarar de frente! Na medida em que se sentia fortalecido foi desconstruindo esse pai internalizado. P\u00f4de at\u00e9 encontrar alguns aspectos de amor no padr\u00e3o interno\u00a0e reconhecer que poderiam fazer parte da nova constru\u00e7\u00e3o. Uma nova imagem de pai surgia\u00a0 e concomitantemente um novo Roberto! Parece que o perd\u00e3o pediu licen\u00e7a!\u00a0Finalmente havia uma semente boa a ser geminada! Depois de algum tempo, j\u00e1 fortalecido, partiu em busca do pai real! Foi acolhido com certa timidez! Nesse novo contato, soube que tamb\u00e9m seu pai havia sido v\u00edtima do seu av\u00f4.\u00a0Seu pai\u00a0repetia\u00a0o modelo de forma inconsciente! O perd\u00e3o trouxe transforma\u00e7\u00f5es maravilhosas! As situa\u00e7\u00f5es mal resolvidas foram renegociadas no sil\u00eancio do cora\u00e7\u00e3o. UMA NOVA IDENTIDADE COME\u00c7OU A NASCER!<\/p>\n","protected":false},"excerpt":{"rendered":"<p>Cada paciente que chega me\u00a0traz um grande aprendizado! Penso que essa troca\u00a0faz parte da constru\u00e7\u00e3o que nos permitimos nesse mundo. Quero focar aqui a import\u00e2ncia de nossos afetos, de como recebemos e expressamos esses afetos. Muitas vezes temos dificuldades na capacidade de express\u00e3o! Desenvolvemos bloqueios na forma\u00e7\u00e3o do car\u00e1ter. Essas defesas impedem a manifesta\u00e7\u00e3o dos &hellip; <a href=\"https:\/\/www.conversasdocoracao.com.br\/blog\/2017\/01\/04\/a-historia-de-roberto\/\" class=\"more-link\">Continue lendo<span class=\"screen-reader-text\"> &#8220;A HIST\u00d3RIA DE ROBERTO ( COMO LIDAR COM O PAI TIRANO)!&#8221;<\/span><\/a><\/p>\n","protected":false},"author":2,"featured_media":0,"comment_status":"open","ping_status":"open","sticky":false,"template":"","format":"standard","meta":[],"categories":[1],"tags":[],"_links":{"self":[{"href":"https:\/\/www.conversasdocoracao.com.br\/blog\/wp-json\/wp\/v2\/posts\/119"}],"collection":[{"href":"https:\/\/www.conversasdocoracao.com.br\/blog\/wp-json\/wp\/v2\/posts"}],"about":[{"href":"https:\/\/www.conversasdocoracao.com.br\/blog\/wp-json\/wp\/v2\/types\/post"}],"author":[{"embeddable":true,"href":"https:\/\/www.conversasdocoracao.com.br\/blog\/wp-json\/wp\/v2\/users\/2"}],"replies":[{"embeddable":true,"href":"https:\/\/www.conversasdocoracao.com.br\/blog\/wp-json\/wp\/v2\/comments?post=119"}],"version-history":[{"count":8,"href":"https:\/\/www.conversasdocoracao.com.br\/blog\/wp-json\/wp\/v2\/posts\/119\/revisions"}],"predecessor-version":[{"id":634,"href":"https:\/\/www.conversasdocoracao.com.br\/blog\/wp-json\/wp\/v2\/posts\/119\/revisions\/634"}],"wp:attachment":[{"href":"https:\/\/www.conversasdocoracao.com.br\/blog\/wp-json\/wp\/v2\/media?parent=119"}],"wp:term":[{"taxonomy":"category","embeddable":true,"href":"https:\/\/www.conversasdocoracao.com.br\/blog\/wp-json\/wp\/v2\/categories?post=119"},{"taxonomy":"post_tag","embeddable":true,"href":"https:\/\/www.conversasdocoracao.com.br\/blog\/wp-json\/wp\/v2\/tags?post=119"}],"curies":[{"name":"wp","href":"https:\/\/api.w.org\/{rel}","templated":true}]}}