{"id":1228,"date":"2019-10-16T09:43:13","date_gmt":"2019-10-16T12:43:13","guid":{"rendered":"https:\/\/www.conversasdocoracao.com.br\/blog\/?p=1228"},"modified":"2019-10-16T17:02:02","modified_gmt":"2019-10-16T20:02:02","slug":"nao-vou-te-comer-vegetariano","status":"publish","type":"post","link":"https:\/\/www.conversasdocoracao.com.br\/blog\/2019\/10\/16\/nao-vou-te-comer-vegetariano\/","title":{"rendered":"MATAR? N\u00c3O!!! ( AMOR UNIVERSAL)."},"content":{"rendered":"<p>Quando pequenina adorava os almo\u00e7os l\u00e1 em casa. Minha m\u00e3e sabia cozinhar como ningu\u00e9m! Lembro dos cozidos que ela preparava com alguns legumes e muito m\u00fasculo bovino. Cozinhava at\u00e9 quase derreter. Eu achava uma delicia! Ela sabia juntar alguns temperos incr\u00edveis.. O gostinho da manjerona no arroz com frango, n\u00e3o d\u00e1 pra esquecer! Naquela \u00e9poca eu gostava da carne branca do peito do frango. Me lambuzava de tanto prazer. E bisteca de porco? Quando ela preparava dava \u00e1gua na boca! A comida dela era famosa! Sempre tinha muitas carnes nas refei\u00e7\u00f5es. Das mais variadas formas. Meu pai era muito carn\u00edvoro. Crian\u00e7a normalmente n\u00e3o associa a morte do animal com a alimenta\u00e7\u00e3o. Pra mim era s\u00f3 comida! Por outro lado sempre adorei animais. Tinha gatos e cachorros com quem eu convivia e brincava muito.\u00a0 Eles representavam para mim fontes de afetos importantes. Vivi a minha inf\u00e2ncia num lar natural e feliz. Meus pais amorosos e muito presentes. De vez em quando eles brigavam feio, mas, eu sentia que eles se amavam. Depois das brigas sempre se beijavam! Minha m\u00e3e era um po\u00e7o de ci\u00fames e inseguran\u00e7as. Hoje posso compreend\u00ea-la. Meu pai era danado e mulherengo. Tocava instrumentos de sopro.\u00a0 Respirava m\u00fasica. Trabalhava durante as noites. Chegava em casa ao amanhecer. Lembro que ele sempre trazia alguma guloseima pra me agradar. Era muito carinhoso comigo. Em seus ensaios, l\u00e1 em casa, tocava as m\u00fasicas que eu mais gostava. Foi atrav\u00e9s dele que tive a experi\u00eancia transformadora para a minha vida! Quando eu tinha nove anos de idade, numa manh\u00e3 de domingo, meu pai tinha acabado de chegar do trabalho. Trouxe uma galinha viva! Ela era de um lindo marrom dourado. Quando acordei para ir \u00e0 igreja e vi aquela ave ciscando em meu quintal, fiquei muito surpresa e feliz. Achei demais! Fiquei um tempo fazendo carinho na cabe\u00e7a dela. Ela parecia gostar tanto!\u00a0 At\u00e9 cheguei atrasada para o culto. Quando o culto terminou voltei correndo para chegar logo em casa. Nem chamei\u00a0 minha priminha para brincar, como eu sempre fazia. Cheguei esbaforida. Minha m\u00e3e fazendo o seu tradicional almo\u00e7o de domingo. Estava um aroma delicioso! O ar de casa estava inundado de temperos! Estimulou a minha fome, mas,\u00a0 naquele momento, era mais importante eu rever a minha ave amiguinha! J\u00e1 tinha at\u00e9 pensado num nome pra ela: &#8220;LUZ&#8221;. Corri para o quintal. Estranhei ! Ela n\u00e3o estava mais l\u00e1. Fiquei com medo que\u00a0 tivesse fugido. Era muito f\u00e1cil fugir daquele quintal. Aquelas cercas tinham espa\u00e7os t\u00e3o abertos! Ansiosa fui perguntar \u00e0 minha m\u00e3e se ela n\u00e3o tinha visto a &#8220;LUZ&#8221;. Percebi uma express\u00e3o estranha em seu rosto. N\u00e3o gostei! Quando ela\u00a0 se expressava\u00a0 daquele jeito tinha algo ruim pra me contar. Seu lema era sempre me falar a verdade. Nunca mentir! Isso ela soube me ensinar muito bem.\u00a0 Com muita sutileza me explicou o que tinha acontecido. Falou sobre a cadeia alimentar e tudo o mais&#8230; Desabei!\u00a0 N\u00e3o queria acreditar que os adultos matavam cruelmente os bichinhos que eu tanto amava. Desatei a chorar.\u00a0 Minha amiguinha marrom brilhante tinha sido transformada sem piedade, num almo\u00e7o de domingo. Foi a primeira vez em minha vida que associei &#8220;morte de animais&#8221; com pratos suculentos! N\u00e3o queria aceitar que matar animais fosse necess\u00e1rio para suprir nossas necessidades alimentares. Achei que n\u00e3o era bom ser gente grande. Muita insensibilidade!!! Por um bom tempo fiquei magoada com os meus pais.\u00a0 N\u00e3o tinham o direito de terem feito aquilo! Eles conversaram muito comigo tentando explicar todos os motivos que levam ao consumo de carne. N\u00e3o aceitei nenhum. Sempre tive uma personalidade forte! Nunca mais quis provar nenhum tipo de carne.\u00a0 Minha m\u00e3e respeitou. Passou a me oferecer variedades de gr\u00e3os, verduras, legumes e frutas de mont\u00e3o! Me tornei uma mulher saud\u00e1vel e com muita energia, sim! Os animais tem o direito \u00e0 vida! Assim como os humanos eles tamb\u00e9m tem a\u00a0 capacidade de amar e trocar afetos.\u00a0 Culturalmente os nossos sentidos se acostumam com o cheiro, sabor e o incentivo do consumo da carne. Aprendi a educar o meus sentidos e sentir empatia. N\u00e3o quero comer dor!\u00a0 Amo todos os seres. Quero trocar com o universo a energia lil\u00e1s do amor!\u00a0 Lan\u00e7ada a campanha :&#8221; Segundas e Quintas, Sem carne&#8221;. Sou Vegetariana. Sou\u00a0 Paul McCartney!<\/p>\n","protected":false},"excerpt":{"rendered":"<p>Quando pequenina adorava os almo\u00e7os l\u00e1 em casa. Minha m\u00e3e sabia cozinhar como ningu\u00e9m! Lembro dos cozidos que ela preparava com alguns legumes e muito m\u00fasculo bovino. Cozinhava at\u00e9 quase derreter. Eu achava uma delicia! Ela sabia juntar alguns temperos incr\u00edveis.. O gostinho da manjerona no arroz com frango, n\u00e3o d\u00e1 pra esquecer! Naquela \u00e9poca &hellip; <a href=\"https:\/\/www.conversasdocoracao.com.br\/blog\/2019\/10\/16\/nao-vou-te-comer-vegetariano\/\" class=\"more-link\">Continue lendo<span class=\"screen-reader-text\"> &#8220;MATAR? N\u00c3O!!! ( AMOR UNIVERSAL).&#8221;<\/span><\/a><\/p>\n","protected":false},"author":2,"featured_media":0,"comment_status":"open","ping_status":"open","sticky":false,"template":"","format":"standard","meta":[],"categories":[1],"tags":[],"_links":{"self":[{"href":"https:\/\/www.conversasdocoracao.com.br\/blog\/wp-json\/wp\/v2\/posts\/1228"}],"collection":[{"href":"https:\/\/www.conversasdocoracao.com.br\/blog\/wp-json\/wp\/v2\/posts"}],"about":[{"href":"https:\/\/www.conversasdocoracao.com.br\/blog\/wp-json\/wp\/v2\/types\/post"}],"author":[{"embeddable":true,"href":"https:\/\/www.conversasdocoracao.com.br\/blog\/wp-json\/wp\/v2\/users\/2"}],"replies":[{"embeddable":true,"href":"https:\/\/www.conversasdocoracao.com.br\/blog\/wp-json\/wp\/v2\/comments?post=1228"}],"version-history":[{"count":6,"href":"https:\/\/www.conversasdocoracao.com.br\/blog\/wp-json\/wp\/v2\/posts\/1228\/revisions"}],"predecessor-version":[{"id":1235,"href":"https:\/\/www.conversasdocoracao.com.br\/blog\/wp-json\/wp\/v2\/posts\/1228\/revisions\/1235"}],"wp:attachment":[{"href":"https:\/\/www.conversasdocoracao.com.br\/blog\/wp-json\/wp\/v2\/media?parent=1228"}],"wp:term":[{"taxonomy":"category","embeddable":true,"href":"https:\/\/www.conversasdocoracao.com.br\/blog\/wp-json\/wp\/v2\/categories?post=1228"},{"taxonomy":"post_tag","embeddable":true,"href":"https:\/\/www.conversasdocoracao.com.br\/blog\/wp-json\/wp\/v2\/tags?post=1228"}],"curies":[{"name":"wp","href":"https:\/\/api.w.org\/{rel}","templated":true}]}}