{"id":1246,"date":"2019-10-22T17:36:31","date_gmt":"2019-10-22T20:36:31","guid":{"rendered":"https:\/\/www.conversasdocoracao.com.br\/blog\/?p=1246"},"modified":"2019-10-25T17:36:21","modified_gmt":"2019-10-25T20:36:21","slug":"o-sonho-da-sensivel-camila-emocoes-camufladas","status":"publish","type":"post","link":"https:\/\/www.conversasdocoracao.com.br\/blog\/2019\/10\/22\/o-sonho-da-sensivel-camila-emocoes-camufladas\/","title":{"rendered":"O SONHO DA SENS\u00cdVEL CAMILA! ( EMO\u00c7\u00d5ES CAMUFLADAS)."},"content":{"rendered":"<p>Camila ganhou dos Deuses o privil\u00e9gio das grandes belezas. Sempre ouviu isso das pessoas! Dona de tra\u00e7os perfeitos e de uma alma imensamente sens\u00edvel. Meio introvertida. Dif\u00edcil de se abrir emocionalmente, mas com uma enorme facilidade de perceber o outro. Filha do meio entre duas irm\u00e3s de temperamentos fortes e muito controladores. Teve enormes dificuldades de conquistar um espa\u00e7o e se sentir respeitada. Tornou-se insegura e carente emocionalmente. Esse seu jeito excessivamente meigo sempre foi interpretado como fragilidade pela maioria das pessoas. Na verdade, encobria toda uma for\u00e7a e vontade de vencer. Camila n\u00e3o conseguiu ter atitude para explorar essa capacidade. Esses aspectos ficaram bloqueados causando-lhe muitas ang\u00fastias e conflitos. Pelo fato de ter sido o &#8220;sandu\u00edche&#8221; entre as irm\u00e3s e de ter se submetido a muitas situa\u00e7\u00f5es de rejei\u00e7\u00f5es e\u00a0 cr\u00edticas negativas, desenvolveu internamente uma enorme car\u00eancia e instabilidade emocional. Medo de expressar vontades, desejos e opini\u00f5es. Verdadeiro pavor de n\u00e3o ser aceita!\u00a0 Assim ancorou-se numa fragilidade crescente que foi dificultando toda a sua vida.\u00a0 Muitas vezes, essa instabilidade oscilava entre a seguran\u00e7a de sua beleza f\u00edsica e a inseguran\u00e7a emocional. Sabia que era fisicamente bonita! O espelho confirmava. Mas isso n\u00e3o bastava! Ela queria ser admirada e desejada! N\u00e3o conseguiu conquistar um espa\u00e7o saud\u00e1vel no ambiente familiar e nem no social. Sentia-se o patinho feio tendo que se contentar com &#8220;restos e sobras&#8221;! Algumas vezes, quando sentia que ia se deprimir, corria para o espelho. Ali, ela tentava resgatar um pouco de seguran\u00e7a e auto estima e, assim, recome\u00e7ava a buscar\u00a0 o caminho de seus desejos. Quantas tentativas perdidas, meu Deus! Quantas noites mal dormidas com sonhos recorrentes! Em seus pesadelos sempre havia hist\u00f3rias de mortes e grandes perdas. Muita ansiedade. Muito medo! &#8220;BELA E ANSIOSA&#8221;. Algumas vezes, a sua ang\u00fastia era t\u00e3o grande que\u00a0 perdia a vontade de viver. Entrava numa grande depress\u00e3o. Seus pais tamb\u00e9m tiveram uma\u00a0parcela de culpa na \u00a0auto-constru\u00e7\u00e3o fragilizada de Camila. Claro que foi de forma inconsciente. Eles tamb\u00e9m, de algum jeito, n\u00e3o receberam de suas fontes de afetos o necess\u00e1rio para administrar a extrema sensibilidade de Camila. Essa menina cresceu, mas n\u00e3o conseguiu amadurecer. Emocionalmente fixou-se na adolesc\u00eancia. Est\u00e1 com trinta e seis anos e meio e se comporta como se tivesse quinze. Continua linda! Est\u00e1 num momento de intensos questionamentos de vida. Fase de grandes conflitos e sonhos. Est\u00e3o surgindo sinais de que quer se apropriar de sua idade emocional e a integrar \u00e0 cronol\u00f3gica. Quer virar mulher! Pesadelos est\u00e3o emergindo, mobilizando ansiedades e ang\u00fastias. Come\u00e7ou a fazer terapia. Sim, ela decidiu que quer mudar! Trouxe um sonho recorrente para ser entendido. O SONHO:- Estava em um hotel com as suas duas irm\u00e3s. Elas tinham combinado de irem \u00e0 uma festa. As irm\u00e3s j\u00e1 tinham se arrumado, lindamente. Maquiadas e vestidas sensualmente, expressando seguran\u00e7a e se sentindo &#8220;rainhas&#8221;! Camila, atrasada como sempre, n\u00e3o tinha\u00a0 se organizado em nada, embora estivesse louca para ir \u00e0 festa. As irm\u00e3s, impacientes, gritavam pra que ela se apressasse. Amea\u00e7avam ir embora. Camila, afobada, correu at\u00e9 o banheiro para tomar uma ducha r\u00e1pida. Ofegante, n\u00e3o conseguia se desvencilhar das roupas. Muita dificuldade pra tirar cada pe\u00e7a. Eram muitas as camadas de roupas em seu corpo. Parecia n\u00e3o acabar nunca! Ela foi entrando em desespero. N\u00e3o podia perder aquela festa de jeito nenhum! Finalmente, quando conseguiu entrar no chuveiro, seu p\u00e9 esquerdo entalou no ralo. Que desespero! Havia muita sujeira naquele ralo. Mesmo com muito nojo, ela conseguiu terminar o seu\u00a0 banho. Voltou para o quarto e foi correndo vestir a\u00a0 roupa da festa. Novamente a ansiedade bateu forte! A cama estava muito bagun\u00e7ada. Muitas roupas misturadas. Ela n\u00e3o conseguia encontrar o vestido escolhido. Desespero!!! Falta de ar. Taquicardia!!! Acordou. Ainda meio tr\u00eamula se recostou na beira da cama e buscou se aquecer num tantinho de sol que entrava pela janela de quarto. Sob o calor acolhedor daquele sol de outono, ficou refletindo sobre a sua vida por quase duas horas. Decidiu que queria mudar. Se entender melhor. Sair da armadilha emocional em que se encontrava. Apresentei Camila! Sou sua terapeuta. Estamos analisando toda a simbologia desse seu sonho. Ela j\u00e1 reconhece as diversas camadas de defesa que precisou desenvolver para se proteger dos sofrimentos. Estamos respirando. Alongando. Sentindo e expressando suas dores. Camada por camada. Respeitando o ritmo da vida expressiva. RESGATE DE AMORES E DORES RECALCADOS PELO TEMPO!!!<\/p>\n","protected":false},"excerpt":{"rendered":"<p>Camila ganhou dos Deuses o privil\u00e9gio das grandes belezas. Sempre ouviu isso das pessoas! Dona de tra\u00e7os perfeitos e de uma alma imensamente sens\u00edvel. Meio introvertida. Dif\u00edcil de se abrir emocionalmente, mas com uma enorme facilidade de perceber o outro. Filha do meio entre duas irm\u00e3s de temperamentos fortes e muito controladores. Teve enormes dificuldades &hellip; <a href=\"https:\/\/www.conversasdocoracao.com.br\/blog\/2019\/10\/22\/o-sonho-da-sensivel-camila-emocoes-camufladas\/\" class=\"more-link\">Continue lendo<span class=\"screen-reader-text\"> &#8220;O SONHO DA SENS\u00cdVEL CAMILA! ( EMO\u00c7\u00d5ES CAMUFLADAS).&#8221;<\/span><\/a><\/p>\n","protected":false},"author":2,"featured_media":0,"comment_status":"open","ping_status":"open","sticky":false,"template":"","format":"standard","meta":[],"categories":[1],"tags":[],"_links":{"self":[{"href":"https:\/\/www.conversasdocoracao.com.br\/blog\/wp-json\/wp\/v2\/posts\/1246"}],"collection":[{"href":"https:\/\/www.conversasdocoracao.com.br\/blog\/wp-json\/wp\/v2\/posts"}],"about":[{"href":"https:\/\/www.conversasdocoracao.com.br\/blog\/wp-json\/wp\/v2\/types\/post"}],"author":[{"embeddable":true,"href":"https:\/\/www.conversasdocoracao.com.br\/blog\/wp-json\/wp\/v2\/users\/2"}],"replies":[{"embeddable":true,"href":"https:\/\/www.conversasdocoracao.com.br\/blog\/wp-json\/wp\/v2\/comments?post=1246"}],"version-history":[{"count":9,"href":"https:\/\/www.conversasdocoracao.com.br\/blog\/wp-json\/wp\/v2\/posts\/1246\/revisions"}],"predecessor-version":[{"id":1257,"href":"https:\/\/www.conversasdocoracao.com.br\/blog\/wp-json\/wp\/v2\/posts\/1246\/revisions\/1257"}],"wp:attachment":[{"href":"https:\/\/www.conversasdocoracao.com.br\/blog\/wp-json\/wp\/v2\/media?parent=1246"}],"wp:term":[{"taxonomy":"category","embeddable":true,"href":"https:\/\/www.conversasdocoracao.com.br\/blog\/wp-json\/wp\/v2\/categories?post=1246"},{"taxonomy":"post_tag","embeddable":true,"href":"https:\/\/www.conversasdocoracao.com.br\/blog\/wp-json\/wp\/v2\/tags?post=1246"}],"curies":[{"name":"wp","href":"https:\/\/api.w.org\/{rel}","templated":true}]}}