{"id":142,"date":"2017-02-22T18:19:57","date_gmt":"2017-02-22T20:19:57","guid":{"rendered":"https:\/\/www.conversasdocoracao.com.br\/blog\/?p=142"},"modified":"2021-08-17T19:24:37","modified_gmt":"2021-08-17T22:24:37","slug":"meu-aniversario","status":"publish","type":"post","link":"https:\/\/www.conversasdocoracao.com.br\/blog\/2017\/02\/22\/meu-aniversario\/","title":{"rendered":"MEU ANIVERS\u00c1RIO! (FRUSTRA\u00c7\u00c3O)."},"content":{"rendered":"<p>Essa data foi um problema em minha vida! Tentei arrancar de dentro do peito durante muitos tempo! Na verdade, desde quando completei oito anos! Naquele anivers\u00e1rio me sentia muito ansiosa e carente. Queria muito apagar\u00a0&#8220;velinhas&#8221;! Essa vontade era silenciosa, nunca expressei! Sabia que n\u00e3o ia ser ouvida! O desejo amorda\u00e7ado\u00a0estava l\u00e1, quieto e forte! Na verdade era um sonho ! Uma crian\u00e7a n\u00e3o entende certas coisas, s\u00f3 pode sentir!\u00a0 Naquele anivers\u00e1rio, n\u00e3o sabia porque, acordei numa expectativa imensa! Esperava uma surpresa! Por coincid\u00eancia aconteceu de uma tia &#8220;rica&#8221;, chegar de-repente, dizendo que\u00a0queria me fazer um bolo bem bonito! Fiquei super feliz! Ela\u00a0 me deu como presente, uma pequena quantia em dinheiro! Quando resolveu come\u00e7ar a fazer o bolo pediu pra eu ir comprar os ingredientes\u00a0na vendinha da esquina. Como eu sabia que minha m\u00e3e n\u00e3o tinha dinheiro algum, fui quieta e usei o meu! Gastei quase tudo mas, valia a pena. Finalmente ia ganhar o &#8221; sonhado bolo&#8221;! Estava feliz! Fui brincar no quintal enquanto ela preparava tudo. Depois de algum tempo que eu brincava com os meus amiguinhos imagin\u00e1rios, ouvi ela me chamar! Laura, ficou pronto, vem olhar seu bolo!! Ansiosa fui correndo! Quando cheguei l\u00e1,\u00a0 n\u00e3o acreditava no que via! Fiquei muito frustrada! Aquele n\u00e3o era o bolo que eu tinha sonhado! Eu queria um bem grande! Cheio de creme com muito coco! Muitos enfeites! Na minha cabe\u00e7a tudo era t\u00e3o simples! N\u00e3o precisava de mais nada! Minha tia n\u00e3o tinha entendido nada! Sabe o que ela colocou, pra enfeitar? Uma velha rosa vermelha de pl\u00e1stico que tirou do vaso de minha m\u00e3e!. Aquilo me marcou demais! Fiquei t\u00e3o triste!A sensa\u00e7\u00e3o que tive\u00a0 \u00e9 que estavam gozando de mim! Hoje vejo\u00a0 que me senti humilhada. Os anos se passaram! Me casei,\u00a0tenho dois\u00a0filhos\u00a0 e marido. Eles conseguiram\u00a0mudar\u00a0\u00a0isso em mim! Resisti muito! Era mais forte que eu! No meu \u00faltimo anivers\u00e1rio me fizeram uma surpresa. Algo que eu n\u00e3o esperava mesmo!\u00a0Buscaram uma antiga mestra e amiga, que eu n\u00e3o via h\u00e1 anos e me fizeram uma surpresa! Uma nova experi\u00eancia em minha data! Queriam me fazer feliz! Acho que alguma mudan\u00e7a aconteceu. Consegui sentir\u00a0algo novo! Parece que meu cora\u00e7\u00e3o aqueceu e derreteu a rosa de pl\u00e1stico! J\u00e1 tenho planos para comemorar o pr\u00f3ximo! Acho que vai ser um &#8220;FEST\u00c3O&#8221;!<\/p>\n","protected":false},"excerpt":{"rendered":"<p>Essa data foi um problema em minha vida! Tentei arrancar de dentro do peito durante muitos tempo! Na verdade, desde quando completei oito anos! Naquele anivers\u00e1rio me sentia muito ansiosa e carente. Queria muito apagar\u00a0&#8220;velinhas&#8221;! Essa vontade era silenciosa, nunca expressei! Sabia que n\u00e3o ia ser ouvida! O desejo amorda\u00e7ado\u00a0estava l\u00e1, quieto e forte! Na &hellip; <a href=\"https:\/\/www.conversasdocoracao.com.br\/blog\/2017\/02\/22\/meu-aniversario\/\" class=\"more-link\">Continue lendo<span class=\"screen-reader-text\"> &#8220;MEU ANIVERS\u00c1RIO! (FRUSTRA\u00c7\u00c3O).&#8221;<\/span><\/a><\/p>\n","protected":false},"author":2,"featured_media":0,"comment_status":"open","ping_status":"open","sticky":false,"template":"","format":"standard","meta":[],"categories":[1],"tags":[],"_links":{"self":[{"href":"https:\/\/www.conversasdocoracao.com.br\/blog\/wp-json\/wp\/v2\/posts\/142"}],"collection":[{"href":"https:\/\/www.conversasdocoracao.com.br\/blog\/wp-json\/wp\/v2\/posts"}],"about":[{"href":"https:\/\/www.conversasdocoracao.com.br\/blog\/wp-json\/wp\/v2\/types\/post"}],"author":[{"embeddable":true,"href":"https:\/\/www.conversasdocoracao.com.br\/blog\/wp-json\/wp\/v2\/users\/2"}],"replies":[{"embeddable":true,"href":"https:\/\/www.conversasdocoracao.com.br\/blog\/wp-json\/wp\/v2\/comments?post=142"}],"version-history":[{"count":7,"href":"https:\/\/www.conversasdocoracao.com.br\/blog\/wp-json\/wp\/v2\/posts\/142\/revisions"}],"predecessor-version":[{"id":2341,"href":"https:\/\/www.conversasdocoracao.com.br\/blog\/wp-json\/wp\/v2\/posts\/142\/revisions\/2341"}],"wp:attachment":[{"href":"https:\/\/www.conversasdocoracao.com.br\/blog\/wp-json\/wp\/v2\/media?parent=142"}],"wp:term":[{"taxonomy":"category","embeddable":true,"href":"https:\/\/www.conversasdocoracao.com.br\/blog\/wp-json\/wp\/v2\/categories?post=142"},{"taxonomy":"post_tag","embeddable":true,"href":"https:\/\/www.conversasdocoracao.com.br\/blog\/wp-json\/wp\/v2\/tags?post=142"}],"curies":[{"name":"wp","href":"https:\/\/api.w.org\/{rel}","templated":true}]}}