{"id":1452,"date":"2020-04-06T20:21:37","date_gmt":"2020-04-06T23:21:37","guid":{"rendered":"https:\/\/www.conversasdocoracao.com.br\/blog\/?p=1452"},"modified":"2020-04-07T17:24:00","modified_gmt":"2020-04-07T20:24:00","slug":"confinamento-humano-contato-e-expansao-de-consciencia","status":"publish","type":"post","link":"https:\/\/www.conversasdocoracao.com.br\/blog\/2020\/04\/06\/confinamento-humano-contato-e-expansao-de-consciencia\/","title":{"rendered":"CONFINAMENTO HUMANO! (CONTATO E EXPANS\u00c3O DA CONSCI\u00caNCIA)"},"content":{"rendered":"<p>A sociedade humana est\u00e1 recebendo um presente assustador, provavelmente,\u00a0 advindo das atitudes do pr\u00f3prio ser humano. Estar em contato com a realidade \u00e9 imprescind\u00edvel para se trabalhar na preven\u00e7\u00e3o, contra esse presente devastador! Hora de muita reflex\u00e3o. Rever valores. Momento de exercer muita generosidade e compaix\u00e3o. As fam\u00edlias, por necessidade obrigat\u00f3ria, est\u00e3o numa possibilidade \u00fanica de se aprofundar em seus contatos afetivos e resgatar momentos roubados pela vida estressante a que a maioria das pessoas se submete hoje em dia. &#8220;O causador desse movimento de confinamento \u00e9 um inimigo invis\u00edvel!&#8221;. Essa reclus\u00e3o pode causar um estranhamento no psiquismo. Mudan\u00e7as de h\u00e1bito alteram muito o nosso padr\u00e3o mental. Assustam. Muitas vezes imobilizam o comportamento saud\u00e1vel e criativo t\u00e3o importante para fugir do stress. Inseguran\u00e7a social e medo de morrer s\u00e3o raz\u00f5es suficientes para o afloramento de neuroses graves. Muitas fam\u00edlias s\u00e3o formadas por indiv\u00edduos que se conhecem apenas superficialmente. N\u00e3o existe intimidade entre eles, por absoluta falta de tempo. Muitos deles chegam em casa do trabalho no fim da noite. N\u00e3o priorizaram a fam\u00edlia nessa parte imprescind\u00edvel\u00a0 para a vida emocional. A qualidade da rela\u00e7\u00e3o fica ancorada na superficialidade. Na verdade s\u00e3o estranhos entre si. Quando reclusos num mesmo ambiente, continuamente, por vinte e quatro horas, caem as m\u00e1scaras. As neuroses podem se revelar intensamente. A intimidade for\u00e7ada exponencia a irritabilidade e, da\u00ed, a impaci\u00eancia. A preocupa\u00e7\u00e3o com o que est\u00e1 acontecendo no mundo, neste momento, traz um elemento real, que alimenta o ciclo neur\u00f3tico. O psicol\u00f3gico se desestrutura e pode acionar um quadro de ansiedade difuso. Lidar com toda essa gama de sentimentos tumultuados \u00e9 muito dif\u00edcil. E as pessoas que perderam um ente querido? \u00c9 terr\u00edvel. Doloroso demais. Luto se faz necess\u00e1rio! Ele processa e metaboliza dores. &#8220;CHORAR SALVA A ALMA&#8221;!\u00a0 Morrer pode significar renascer, por\u00e9m, a extrema despedida \u00e9 muito dolorosa!\u00a0 Aprender a lidar com as situa\u00e7\u00f5es da vida e buscar nelas crescimento \u00e9 um exerc\u00edcio de supera\u00e7\u00e3o. A inteligencia emocional \u00e9 um instrumento muito eficaz na estreita proximidade entre as pessoas\u00a0 que est\u00e3o confinadas num mesmo ambiente. Pode ser surpreendente.\u00a0 Existe uma enorme chance de ampliar e enriquecer as percep\u00e7\u00f5es e qualidade dessas rela\u00e7\u00f5es. Vai depender de uma certa organiza\u00e7\u00e3o mental e da &#8220;a\u00e7\u00e3o e rea\u00e7\u00e3o &#8211; rea\u00e7\u00e3o e a\u00e7\u00e3o&#8221;. Retirar a lupa que aumenta o negativo e buscar nutrir e ampliar o detalhe positivo. Isso sempre ser\u00e1 poss\u00edvel! Conectar sentimentos que a correria da vida tenta substituir pelo dinheiro, trabalho e valores f\u00fateis. Buscar o mel que nunca p\u00f4de ser provado. Contar e ouvir hist\u00f3rias do cora\u00e7\u00e3o! Perceber como uma simples palavra pode ser transformadora. Como uma brincadeira pode ser um neg\u00f3cio muito s\u00e9rio e se transformar numa fortuna incalcul\u00e1vel quando brincamos com os nossos pequenos e grandes amores. Existe uma crian\u00e7a interna no peito de cada um. Muitas vezes ela est\u00e1 enjaulada. Resgat\u00e1-la se torna vital. Ignor\u00e1-la \u00e9 auto-sabotagem! A sa\u00fade mental e f\u00edsica depende dessa integra\u00e7\u00e3o. Esse momento especialmente exige isso. &#8220;INOCENTES N\u00c3O DEVEM SER PUNIDOS!&#8221;.<\/p>\n","protected":false},"excerpt":{"rendered":"<p>A sociedade humana est\u00e1 recebendo um presente assustador, provavelmente,\u00a0 advindo das atitudes do pr\u00f3prio ser humano. Estar em contato com a realidade \u00e9 imprescind\u00edvel para se trabalhar na preven\u00e7\u00e3o, contra esse presente devastador! Hora de muita reflex\u00e3o. Rever valores. Momento de exercer muita generosidade e compaix\u00e3o. As fam\u00edlias, por necessidade obrigat\u00f3ria, est\u00e3o numa possibilidade \u00fanica &hellip; <a href=\"https:\/\/www.conversasdocoracao.com.br\/blog\/2020\/04\/06\/confinamento-humano-contato-e-expansao-de-consciencia\/\" class=\"more-link\">Continue lendo<span class=\"screen-reader-text\"> &#8220;CONFINAMENTO HUMANO! (CONTATO E EXPANS\u00c3O DA CONSCI\u00caNCIA)&#8221;<\/span><\/a><\/p>\n","protected":false},"author":2,"featured_media":0,"comment_status":"open","ping_status":"open","sticky":false,"template":"","format":"standard","meta":[],"categories":[1],"tags":[],"_links":{"self":[{"href":"https:\/\/www.conversasdocoracao.com.br\/blog\/wp-json\/wp\/v2\/posts\/1452"}],"collection":[{"href":"https:\/\/www.conversasdocoracao.com.br\/blog\/wp-json\/wp\/v2\/posts"}],"about":[{"href":"https:\/\/www.conversasdocoracao.com.br\/blog\/wp-json\/wp\/v2\/types\/post"}],"author":[{"embeddable":true,"href":"https:\/\/www.conversasdocoracao.com.br\/blog\/wp-json\/wp\/v2\/users\/2"}],"replies":[{"embeddable":true,"href":"https:\/\/www.conversasdocoracao.com.br\/blog\/wp-json\/wp\/v2\/comments?post=1452"}],"version-history":[{"count":11,"href":"https:\/\/www.conversasdocoracao.com.br\/blog\/wp-json\/wp\/v2\/posts\/1452\/revisions"}],"predecessor-version":[{"id":1463,"href":"https:\/\/www.conversasdocoracao.com.br\/blog\/wp-json\/wp\/v2\/posts\/1452\/revisions\/1463"}],"wp:attachment":[{"href":"https:\/\/www.conversasdocoracao.com.br\/blog\/wp-json\/wp\/v2\/media?parent=1452"}],"wp:term":[{"taxonomy":"category","embeddable":true,"href":"https:\/\/www.conversasdocoracao.com.br\/blog\/wp-json\/wp\/v2\/categories?post=1452"},{"taxonomy":"post_tag","embeddable":true,"href":"https:\/\/www.conversasdocoracao.com.br\/blog\/wp-json\/wp\/v2\/tags?post=1452"}],"curies":[{"name":"wp","href":"https:\/\/api.w.org\/{rel}","templated":true}]}}