{"id":146,"date":"2017-03-08T11:23:41","date_gmt":"2017-03-08T13:23:41","guid":{"rendered":"https:\/\/www.conversasdocoracao.com.br\/blog\/?p=146"},"modified":"2023-09-26T18:30:03","modified_gmt":"2023-09-26T21:30:03","slug":"o-ingenuo-e-seus-problemas","status":"publish","type":"post","link":"https:\/\/www.conversasdocoracao.com.br\/blog\/2017\/03\/08\/o-ingenuo-e-seus-problemas\/","title":{"rendered":"O ING\u00caNUO E SEUS PROBLEMAS (IMATURIDADE EMOCIONAL)!"},"content":{"rendered":"<p>Ingenuidade da crian\u00e7a. Doce sabor! Com o passar do tempo, a crian\u00e7a vai crescendo e v\u00e3o se abrindo espa\u00e7os para o desenvolvimento da curiosidade humana, nem sempre ing\u00eanua e doce como a curiosidade infantil.\u00a0 &#8221; Ser humano, busca eterna do sentir&#8221;.\u00a0 As etapas do desenvolvimento s\u00e3o naturais e podem ser deliciosas quando bem vivida! A evolu\u00e7\u00e3o faz parte da sa\u00fade mental saud\u00e1vel. As novas descobertas permitem contatos com satisfa\u00e7\u00f5es e frustra\u00e7\u00f5es, t\u00e3o importantes para o amadurecimento. Recebemos intensas experi\u00eancias no campo familiar. Cada fam\u00edlia deixa seu saldo emocional, muitas vezes com intensas lacunas, decorrentes de\u00a0 aus\u00eancia de um bom contato afetivo!\u00a0 Muita repress\u00e3o, ou, excessiva falta de limites, podem gerar desiquil\u00edbrios ps\u00edquicos e emocionais, podendo trazer inseguran\u00e7a e baixa auto estima. Tiago faz parte do grupo de pessoas que n\u00e3o conseguiu crescer emocionalmente. Parece uma crian\u00e7a no corpo de um homem. Tem muita dificuldade em reconhecer e integrar\u00a0 seu emocional ao racional, como um adulto saud\u00e1vel o faria.\u00a0 Aparentemente \u00e9 um homem forte, alto, trinta e cinco anos de idade, com atitudes excessivamente imaturas e inseguras! Esse padr\u00e3o de comportamento tem gerado muito sofrimento e regress\u00f5es consider\u00e1veis no campo social. Tiago se tornou meio desajeitado em lidar com o social. Quando tenta interagir com as\u00a0 pessoas, se sente rejeitado. Muita\u00a0 dificuldade\u00a0 em sentir-se\u00a0 aceito ou inclu\u00eddo no meio adulto. As pessoas reagem de\u00a0 forma &#8220;vazia&#8221; a seu respeito. Desvalorizam suas interven\u00e7\u00f5es verbais ou comportamentais em roda de &#8220;amigos&#8221;! Dificuldades, tamb\u00e9m, no campo profissional, embora, bem formado e especializado na \u00e1rea de humanas, n\u00e3o consegue se inserir de acordo com a sua qualidade e preparo. Sua fragilidade de car\u00e1ter se evidencia ainda mais.\u00a0 N\u00e3o suportando mais viver nesse sofrimento,\u00a0 Tiago decidiu buscar aux\u00edlio terap\u00eautico. Em seu processo est\u00e3o sendo cuidados esses aspectos de seu car\u00e1ter.\u00a0 &#8220;Bloqueios emocionais&#8221;! Tiago, j\u00e1 est\u00e1\u00a0 aceitando e acolhendo sua crian\u00e7a interna! Essa crian\u00e7a precisa crescer na medida do poss\u00edvel e experimentar novas formas de encarar e lidar com a realidade. Libertar o homem aprisionado que ficou dentro de si. Um saud\u00e1vel desenvolvimento ps\u00edquico se faz necess\u00e1rio, para seu crescimento,\u00a0 cuidando de sua inseguran\u00e7a e baixa auto &#8211; estima. N\u00e3o consegue tamb\u00e9m se colocar de forma assertiva profissionalmente, embora, tenha completado os estudos na \u00e1rea de humanas com boas notas. Est\u00e3o sendo vistos esses tra\u00e7os, que representam profundos bloqueios! Tiago J\u00e1 est\u00e1\u00a0 aceitando e acolhendo sua crian\u00e7a interna! Essa crian\u00e7a precisa crescer na medida do poss\u00edvel e experimentar novas formas de encarar e lidar com a realidade. A liberta\u00e7\u00e3o de Tiago representa\u00a0 capacidade de express\u00e3o genu\u00edna e novas formas de ser feliz. ABRIR O PEITO E O CORA\u00c7\u00c3O.<\/p>\n","protected":false},"excerpt":{"rendered":"<p>Ingenuidade da crian\u00e7a. Doce sabor! Com o passar do tempo, a crian\u00e7a vai crescendo e v\u00e3o se abrindo espa\u00e7os para o desenvolvimento da curiosidade humana, nem sempre ing\u00eanua e doce como a curiosidade infantil.\u00a0 &#8221; Ser humano, busca eterna do sentir&#8221;.\u00a0 As etapas do desenvolvimento s\u00e3o naturais e podem ser deliciosas quando bem vivida! A &hellip; <a href=\"https:\/\/www.conversasdocoracao.com.br\/blog\/2017\/03\/08\/o-ingenuo-e-seus-problemas\/\" class=\"more-link\">Continue lendo<span class=\"screen-reader-text\"> &#8220;O ING\u00caNUO E SEUS PROBLEMAS (IMATURIDADE EMOCIONAL)!&#8221;<\/span><\/a><\/p>\n","protected":false},"author":2,"featured_media":0,"comment_status":"open","ping_status":"open","sticky":false,"template":"","format":"standard","meta":[],"categories":[1],"tags":[],"_links":{"self":[{"href":"https:\/\/www.conversasdocoracao.com.br\/blog\/wp-json\/wp\/v2\/posts\/146"}],"collection":[{"href":"https:\/\/www.conversasdocoracao.com.br\/blog\/wp-json\/wp\/v2\/posts"}],"about":[{"href":"https:\/\/www.conversasdocoracao.com.br\/blog\/wp-json\/wp\/v2\/types\/post"}],"author":[{"embeddable":true,"href":"https:\/\/www.conversasdocoracao.com.br\/blog\/wp-json\/wp\/v2\/users\/2"}],"replies":[{"embeddable":true,"href":"https:\/\/www.conversasdocoracao.com.br\/blog\/wp-json\/wp\/v2\/comments?post=146"}],"version-history":[{"count":12,"href":"https:\/\/www.conversasdocoracao.com.br\/blog\/wp-json\/wp\/v2\/posts\/146\/revisions"}],"predecessor-version":[{"id":2950,"href":"https:\/\/www.conversasdocoracao.com.br\/blog\/wp-json\/wp\/v2\/posts\/146\/revisions\/2950"}],"wp:attachment":[{"href":"https:\/\/www.conversasdocoracao.com.br\/blog\/wp-json\/wp\/v2\/media?parent=146"}],"wp:term":[{"taxonomy":"category","embeddable":true,"href":"https:\/\/www.conversasdocoracao.com.br\/blog\/wp-json\/wp\/v2\/categories?post=146"},{"taxonomy":"post_tag","embeddable":true,"href":"https:\/\/www.conversasdocoracao.com.br\/blog\/wp-json\/wp\/v2\/tags?post=146"}],"curies":[{"name":"wp","href":"https:\/\/api.w.org\/{rel}","templated":true}]}}