{"id":1482,"date":"2020-04-15T22:38:39","date_gmt":"2020-04-16T01:38:39","guid":{"rendered":"https:\/\/www.conversasdocoracao.com.br\/blog\/?p=1482"},"modified":"2023-09-02T20:42:10","modified_gmt":"2023-09-02T23:42:10","slug":"menino-ou-menina-escolha-emocional","status":"publish","type":"post","link":"https:\/\/www.conversasdocoracao.com.br\/blog\/2020\/04\/15\/menino-ou-menina-escolha-emocional\/","title":{"rendered":"MENINO OU MENINA? ( ESCOLHA EMOCIONAL)."},"content":{"rendered":"<p>Patr\u00edcia ficou gr\u00e1vida! N\u00e3o cabia em si de tanta felicidade. Quase j\u00e1 havia perdido as esperan\u00e7as. Tentou por um bom tempo e, agora, aos quarenta e quatro anos, finalmente recebeu a not\u00edcia que mais esperou na vida. Sua rela\u00e7\u00e3o com Jo\u00e3o, seu marido, n\u00e3o estava bem; ali\u00e1s, desde o casamento h\u00e1 cinco anos. Ele revelou-se\u00a0 uma pessoa grosseira, sem sensibilidade suficiente para dividir a vida com uma mulher delicada e sens\u00edvel como Patr\u00edcia. Ela queria muito mais. Alimentava alguma esperan\u00e7a na recupera\u00e7\u00e3o de seu casamento. Talvez o nascimento de um filho pudesse despertar em seu marido um jeito mais carinhoso de levar a rela\u00e7\u00e3o. &#8220;Sentiam muita atra\u00e7\u00e3o f\u00edsica, um pelo outro&#8221;. Na cama pegavam fogo! Mas, para uma rela\u00e7\u00e3o est\u00e1vel e saud\u00e1vel, isso n\u00e3o \u00e9 suficiente. Patr\u00edcia queria respeito, cumplicidade e companheirismo,\u00a0 talvez, com a vinda do beb\u00ea, o casamento melhorasse. Patr\u00edcia, mulher sonhadora, dificuldades de lidar com a realidade,\u00a0 gr\u00e1vida, &#8220;engavetou&#8221; os problemas da rela\u00e7\u00e3o com o marido. Come\u00e7ou a focar s\u00f3 em sua gesta\u00e7\u00e3o e em todas as sensa\u00e7\u00f5es que uma mulher sente nesse per\u00edodo. N\u00e3o n\u00e3o ousaria auto -sabotar esse momento t\u00e3o \u00fanico.\u00a0 \u00c9 como se voasse nas nuvens! Sonhava acordada. Ficava horas imaginando como seria o seu lar com um beb\u00ea, fazendo bagun\u00e7as,\u00a0 emanando energia por todos os cantos da casa. Patr\u00edcia, n\u00e3o revelava a ningu\u00e9m sua prefer\u00eancia por menina, embora, se\u00a0 menino, seria recebido com todo amor. Jo\u00e3o, ao contr\u00e1rio, em altos brados, dizia que s\u00f3 aceitaria um filho &#8220;macho&#8221;. At\u00e9 por isso ela n\u00e3o quis saber o sexo do beb\u00ea antes de nascer.\u00a0 Organizou um enxoval &#8220;arco- ires&#8221;. Muito colorido. Nada, s\u00f3 azul ou cor de rosa. O in\u00edcio da gravidez foi complicado. Muito enjoo, n\u00e1useas e\u00a0 anemia. Sorte que ela tinha uma m\u00e9dica obstetra dedicada, a quem chamava de &#8220;Anjo da Guarda&#8221;. Cuidava dela com efici\u00eancia e muito carinho. A doutora Ana, al\u00e9m de ser \u00f3tima profissional, tinha uma capacidade de empatia muito grande. Isso\u00a0 auxiliou muito o processo de gesta\u00e7\u00e3o de Patr\u00edcia. Carente como era, teve muitos altos e baixos emocionais. Precisou de acolhimento e muitas orienta\u00e7\u00f5es de sua m\u00e9dica. Essas varia\u00e7\u00f5es emocionais, no caso de Patr\u00edcia, n\u00e3o teve s\u00f3 a ver com mudan\u00e7as hormonais, pr\u00f3prias desse per\u00edodo, mas, tamb\u00e9m, pela atitude egoc\u00eantrica e ego\u00edsta de Jo\u00e3o. N\u00e3o estava nem a\u00ed com ela. Seus defeitos de car\u00e1ter se intensificaram durante a gravidez de Patr\u00edcia. No final da gravidez, Jo\u00e3o saia quase todas as noites com seus amigos de bar. At\u00e9 altas horas na farra. Muitas vezes voltava embriagado, exigindo sexo com ela. Contrariando ordens m\u00e9dicas, por conta de um pequeno sangramento que havia acontecido, ela se negava. Patr\u00edcia jamais iria correr esse risco! Nunca cedeu. Da\u00ed, mais um motivo para discuss\u00f5es e clima pesado. Patr\u00edcia ficava, aflita e ansiosa. Chorava muito!\u00a0 Numa dessas noitadas de Jo\u00e3o, j\u00e1 no final da gravidez, &#8220;rompeu a bolsa&#8221;. Patr\u00edcia correu\u00a0 \u00e0s pressas para a maternidade. Gl\u00f3ria, sua grande amiga a acompanhou. Maria Ang\u00e9lica nasceu!\u00a0 Parto normal. Robusta e encantadora. A cara do pai. &#8220;A vida \u00e9 caprichosa!&#8221;. S\u00f3 os olhos &#8220;sorridentes e rasgadinhos&#8221; pareciam com os da m\u00e3e. O\u00a0 cora\u00e7\u00e3o de Patr\u00edcia queria que ia explodir de tanta felicidade. Nem sentiu a aus\u00eancia do safado, Jo\u00e3o! Naquele momento m\u00e1gico, reconheceu sentimentos novos dentro de si. Percebeu o imenso amor que seu beb\u00ea despertou. Quanto isso era transformador. Bem ali, na maternidade, decidiu desfazer o casamento. N\u00e3o iria mais se deixar torturar com humilha\u00e7\u00f5es e falta de respeito. Maria Ang\u00e9lica iria ter um lar feliz. Ela veio para construir amor! Isto aconteceu h\u00e1 uns dois anos. Feliz, Patr\u00edcia retomou o seu of\u00edcio de artes\u00e3. Dedicada e criativa voltou a dar aulas e\u00a0 nutrir sonhos. Ensina e elabora artes.\u00a0 Adora as gargalhadas de Maria Ang\u00e9lica. Brinca muito com sua princesa. Seu dom profissional se enquadra muito com sua delicadeza, sensibilidade e forma de sentir a vida.\u00a0 Dia destes soube que ela Patr\u00edcia voltou a namorar. SIM! O SEU CORA\u00c7\u00c3O ESCOLHEU UMA MENINA!<\/p>\n","protected":false},"excerpt":{"rendered":"<p>Patr\u00edcia ficou gr\u00e1vida! N\u00e3o cabia em si de tanta felicidade. Quase j\u00e1 havia perdido as esperan\u00e7as. Tentou por um bom tempo e, agora, aos quarenta e quatro anos, finalmente recebeu a not\u00edcia que mais esperou na vida. Sua rela\u00e7\u00e3o com Jo\u00e3o, seu marido, n\u00e3o estava bem; ali\u00e1s, desde o casamento h\u00e1 cinco anos. Ele revelou-se\u00a0 &hellip; <a href=\"https:\/\/www.conversasdocoracao.com.br\/blog\/2020\/04\/15\/menino-ou-menina-escolha-emocional\/\" class=\"more-link\">Continue lendo<span class=\"screen-reader-text\"> &#8220;MENINO OU MENINA? ( ESCOLHA EMOCIONAL).&#8221;<\/span><\/a><\/p>\n","protected":false},"author":2,"featured_media":0,"comment_status":"open","ping_status":"open","sticky":false,"template":"","format":"standard","meta":[],"categories":[1],"tags":[],"_links":{"self":[{"href":"https:\/\/www.conversasdocoracao.com.br\/blog\/wp-json\/wp\/v2\/posts\/1482"}],"collection":[{"href":"https:\/\/www.conversasdocoracao.com.br\/blog\/wp-json\/wp\/v2\/posts"}],"about":[{"href":"https:\/\/www.conversasdocoracao.com.br\/blog\/wp-json\/wp\/v2\/types\/post"}],"author":[{"embeddable":true,"href":"https:\/\/www.conversasdocoracao.com.br\/blog\/wp-json\/wp\/v2\/users\/2"}],"replies":[{"embeddable":true,"href":"https:\/\/www.conversasdocoracao.com.br\/blog\/wp-json\/wp\/v2\/comments?post=1482"}],"version-history":[{"count":6,"href":"https:\/\/www.conversasdocoracao.com.br\/blog\/wp-json\/wp\/v2\/posts\/1482\/revisions"}],"predecessor-version":[{"id":2924,"href":"https:\/\/www.conversasdocoracao.com.br\/blog\/wp-json\/wp\/v2\/posts\/1482\/revisions\/2924"}],"wp:attachment":[{"href":"https:\/\/www.conversasdocoracao.com.br\/blog\/wp-json\/wp\/v2\/media?parent=1482"}],"wp:term":[{"taxonomy":"category","embeddable":true,"href":"https:\/\/www.conversasdocoracao.com.br\/blog\/wp-json\/wp\/v2\/categories?post=1482"},{"taxonomy":"post_tag","embeddable":true,"href":"https:\/\/www.conversasdocoracao.com.br\/blog\/wp-json\/wp\/v2\/tags?post=1482"}],"curies":[{"name":"wp","href":"https:\/\/api.w.org\/{rel}","templated":true}]}}