{"id":150,"date":"2017-03-08T13:05:13","date_gmt":"2017-03-08T15:05:13","guid":{"rendered":"https:\/\/www.conversasdocoracao.com.br\/blog\/?p=150"},"modified":"2025-10-22T20:06:25","modified_gmt":"2025-10-22T23:06:25","slug":"saindo-de-mim","status":"publish","type":"post","link":"https:\/\/www.conversasdocoracao.com.br\/blog\/2017\/03\/08\/saindo-de-mim\/","title":{"rendered":"SAINDO DE MIM  (LIBERTA\u00c7\u00c3O)!"},"content":{"rendered":"<p>Sentada na esta\u00e7\u00e3o de trem, olhava fixamente para os trilhos. N\u00e3o pensava em mais nada, a n\u00e3o ser em me livrar daquele pensamento obsessivo.\u00a0 Deus, muita louca aquela sensa\u00e7\u00e3o. Era como se eu fosse outra pessoa. Meu cora\u00e7\u00e3o disparado, explodindo pela dor um amor acabado. Rejei\u00e7\u00e3o e abandono. Nuvens escuras no pensamento. Comecei a sussurrar baixinho, palavras desconexas, como se fosse uma prece para minha alma. Uma forma insana, de tentar libertar as entranhas das dores agudas, repetidas&#8230; enlouquecendo! Fiquei assim por longo tempo. N\u00e3o sei bem, o quanto. Olhos fixados nos trilhos r\u00edgidos e frios. De-repente, o trem parado na esta\u00e7\u00e3o, finalmente,\u00a0 deu sinal de vida. Apitou. Som rouco. Som Forte. Estremeci! Aquele apito despertou em mim, fagulha de realidade. Sem eu perceber, de algum jeito, \u00e0quela sensa\u00e7\u00e3o devastadora, louca, foi se transformando dentro de mim. Meus olhos fixos, vidrados nos trilhos, se desviaram\u00a0 para o trem que come\u00e7ava a andar. Os movimentos do trem se intensificaram cada vez mais. Meus pensamentos e sensa\u00e7\u00f5es se voltaram para o trem. Olhava o trem. Olhava Trilhos numa altern\u00e2ncia neur\u00f3tica. Assim fiquei entre trilhos e trem. Movimentos repetitivos, como numa dan\u00e7a louca. O trem foi acelerando, meus pensamentos no mesmo ritmo. O trem com movimentos seguros e firmes foi seguindo seu caminho.\u00a0 Fiquei por alguns segundos ambivalente, ora fixando o olhar nos trilhos. Ora no trem. Segundos intermin\u00e1veis, fui ficando\u00a0 zonza at\u00e9 que num impulso repentino fui focando apenas no andar do trem. At\u00e9 ele sumir do meu horizonte. Num insight, repentino, senti tamb\u00e9m, que poderia buscar dentro de mim, movimentos que me levassem \u00e0\u00a0 uma nova esta\u00e7\u00e3o! ASSIM VOC\u00ca FOI SAINDO DE MIM!!!<\/p>\n","protected":false},"excerpt":{"rendered":"<p>Sentada na esta\u00e7\u00e3o de trem, olhava fixamente para os trilhos. N\u00e3o pensava em mais nada, a n\u00e3o ser em me livrar daquele pensamento obsessivo.\u00a0 Deus, muita louca aquela sensa\u00e7\u00e3o. Era como se eu fosse outra pessoa. Meu cora\u00e7\u00e3o disparado, explodindo pela dor um amor acabado. Rejei\u00e7\u00e3o e abandono. Nuvens escuras no pensamento. Comecei a sussurrar &hellip; <a href=\"https:\/\/www.conversasdocoracao.com.br\/blog\/2017\/03\/08\/saindo-de-mim\/\" class=\"more-link\">Continue lendo<span class=\"screen-reader-text\"> &#8220;SAINDO DE MIM  (LIBERTA\u00c7\u00c3O)!&#8221;<\/span><\/a><\/p>\n","protected":false},"author":2,"featured_media":0,"comment_status":"open","ping_status":"open","sticky":false,"template":"","format":"standard","meta":[],"categories":[1],"tags":[],"_links":{"self":[{"href":"https:\/\/www.conversasdocoracao.com.br\/blog\/wp-json\/wp\/v2\/posts\/150"}],"collection":[{"href":"https:\/\/www.conversasdocoracao.com.br\/blog\/wp-json\/wp\/v2\/posts"}],"about":[{"href":"https:\/\/www.conversasdocoracao.com.br\/blog\/wp-json\/wp\/v2\/types\/post"}],"author":[{"embeddable":true,"href":"https:\/\/www.conversasdocoracao.com.br\/blog\/wp-json\/wp\/v2\/users\/2"}],"replies":[{"embeddable":true,"href":"https:\/\/www.conversasdocoracao.com.br\/blog\/wp-json\/wp\/v2\/comments?post=150"}],"version-history":[{"count":11,"href":"https:\/\/www.conversasdocoracao.com.br\/blog\/wp-json\/wp\/v2\/posts\/150\/revisions"}],"predecessor-version":[{"id":242,"href":"https:\/\/www.conversasdocoracao.com.br\/blog\/wp-json\/wp\/v2\/posts\/150\/revisions\/242"}],"wp:attachment":[{"href":"https:\/\/www.conversasdocoracao.com.br\/blog\/wp-json\/wp\/v2\/media?parent=150"}],"wp:term":[{"taxonomy":"category","embeddable":true,"href":"https:\/\/www.conversasdocoracao.com.br\/blog\/wp-json\/wp\/v2\/categories?post=150"},{"taxonomy":"post_tag","embeddable":true,"href":"https:\/\/www.conversasdocoracao.com.br\/blog\/wp-json\/wp\/v2\/tags?post=150"}],"curies":[{"name":"wp","href":"https:\/\/api.w.org\/{rel}","templated":true}]}}