{"id":1528,"date":"2020-05-20T00:53:08","date_gmt":"2020-05-20T03:53:08","guid":{"rendered":"https:\/\/www.conversasdocoracao.com.br\/blog\/?p=1528"},"modified":"2020-05-20T21:27:15","modified_gmt":"2020-05-21T00:27:15","slug":"estrada-da-vida-livre-arbitrio","status":"publish","type":"post","link":"https:\/\/www.conversasdocoracao.com.br\/blog\/2020\/05\/20\/estrada-da-vida-livre-arbitrio\/","title":{"rendered":"ESTRADA DA VIDA! (LIVRE ARB\u00cdTRIO)."},"content":{"rendered":"<p>Sa\u00fade integral \u00e9 um papo muito s\u00e9rio. Um \u00fatero quente\u00a0 e com bom contato \u00e9 um \u00f3timo come\u00e7o de vida. &#8220;\u00datero quente, energia pulsante&#8221;! A crian\u00e7a, logo de cara, recebe uma carga saud\u00e1vel de energia. Isso \u00e9 suficiente, mas n\u00e3o basta para ser um adulto integrado. \u00c9 preciso haver continuidade saud\u00e1vel nos\u00a0 sequentes ciclos da vida. Para se pensar em integra\u00e7\u00e3o, precisamos entender os diferentes n\u00edveis de desenvolvimento que comp\u00f5em a forma\u00e7\u00e3o do nosso ser. Cada n\u00edvel est\u00e1 ligado a determinada fase. Somos o saldo das somas dessas fases. Podemos n\u00e3o ter tido uma soma satisfat\u00f3ria, por\u00e9m, sempre haver\u00e1 a chance de melhorar pela expans\u00e3o da consci\u00eancia. Recuperar o que for poss\u00edvel e crescer. Escolher e selecionar tudo que estiver ao alcance, s\u00e3o atitudes fundamentais que v\u00e3o interferir\u00a0 nessa trajet\u00f3ria. N\u00e3o d\u00e1 para escolher a nossa gen\u00e9tica. N\u00e3o podemos escolher a fam\u00edlia em que nascemos. Nem escolhemos nossa m\u00e3e ou pai. Isso talvez represente uma escolha de alma. N\u00e3o temos acesso consciente nesse n\u00edvel de escolha. Para quem acredita, faz parte de um outro momento da evolu\u00e7\u00e3o! Tampouco podemos escolher as nossas caracter\u00edsticas f\u00edsicas ou mentais. A gen\u00e9tica \u00e9 respons\u00e1vel por boa parte daquilo que somos. Ainda bem que n\u00e3o \u00e9 respons\u00e1vel por tudo! Tem um por\u00e9m: independentemente\u00a0 da gen\u00e9tica que herdamos, poderemos escolher o saldo humano em que vamos nos tornar. Livre arb\u00edtrio tem essa finalidade. Na liberdade de escolha se inicia a\u00a0 responsabilidade sobre n\u00f3s mesmos. N\u00e3o h\u00e1 precis\u00e3o sobre esse exato momento. Talvez seja quando j\u00e1 tivermos aprendido a diferen\u00e7a entre o &#8220;joio e o trigo&#8221;. Talvez n\u00e3o! Nem sempre a lucidez acompanha os atos. O emocional muitas vezes nos confunde e nos trai. Atitudes e escolhas podem depender muito da educa\u00e7\u00e3o e do meio em\u00a0 que\u00a0 crescemos. Da nossa estrutura ps\u00edquica. Nesse quadro, a fam\u00edlia tem um peso fundamental nessa estrutura\u00e7\u00e3o. A escola paralelamente pode dar um refor\u00e7o. &#8220;A fam\u00edlia forma. A escola informa.&#8221; Quando essas fun\u00e7\u00f5es n\u00e3o s\u00e3o vivenciadas plenamente, muitas vezes, abre-se um espa\u00e7o, em que boa parte da m\u00eddia atua de forma t\u00f3xica. Estimula\u00a0 valores f\u00fateis e sup\u00e9rfluos nos aspectos alimentar, psicol\u00f3gico e social. &#8220;Isso pode nos afastar da nossa primeira natureza&#8221;! Intoxica\u00e7\u00e3o emocional e f\u00edsica. Ambas est\u00e3o intimamente interligadas. A fam\u00edlia mais estruturada, que atua com princ\u00edpios saud\u00e1veis e equilibrados, pode ser o divisor de \u00e1guas para o desenvolvimento de um ser humano singular. T\u00e3o necess\u00e1rio nesse mundo. Quando essa pessoa tiver condi\u00e7\u00e3o de exercer o seu livre arb\u00edtrio, ter\u00e1 bases mais firmes e equilibradas.\u00a0 Essa \u00e9 a melhor heran\u00e7a que algu\u00e9m pode receber! Gravidez consciente implica saber que a\u00a0 alimenta\u00e7\u00e3o materna atua de forma direta na sa\u00fade do beb\u00ea. Sentimentos e sensa\u00e7\u00f5es durante a gesta\u00e7\u00e3o tamb\u00e9m refletem no beb\u00ea. O desenvolvimento integrado est\u00e1 diretamente ligado ao equil\u00edbrio psicoemocional. A amplia\u00e7\u00e3o da consci\u00eancia \u00e9 uma forte aliada ao crescimento biops\u00edquico. Compreender os princ\u00edpios b\u00e1sicos do desenvolvimento humano e conhecer os ciclos da vida \u00e9 essencial para a nossa evolu\u00e7\u00e3o. Amplia a consci\u00eancia e nos torna respons\u00e1veis pelos nossos atos e escolhas. &#8220;Estamos onde nos colocamos&#8221;. Independentemente da gen\u00e9tica ter sido favor\u00e1vel ou n\u00e3o, o expandir da consci\u00eancia \u00e9 um instrumento valioso para sermos livres e respons\u00e1veis. \u00c9 a parte que nos cabe.\u00a0 ESSA \u00c9 A SENTEN\u00c7A!<\/p>\n","protected":false},"excerpt":{"rendered":"<p>Sa\u00fade integral \u00e9 um papo muito s\u00e9rio. Um \u00fatero quente\u00a0 e com bom contato \u00e9 um \u00f3timo come\u00e7o de vida. &#8220;\u00datero quente, energia pulsante&#8221;! A crian\u00e7a, logo de cara, recebe uma carga saud\u00e1vel de energia. Isso \u00e9 suficiente, mas n\u00e3o basta para ser um adulto integrado. \u00c9 preciso haver continuidade saud\u00e1vel nos\u00a0 sequentes ciclos da &hellip; <a href=\"https:\/\/www.conversasdocoracao.com.br\/blog\/2020\/05\/20\/estrada-da-vida-livre-arbitrio\/\" class=\"more-link\">Continue lendo<span class=\"screen-reader-text\"> &#8220;ESTRADA DA VIDA! (LIVRE ARB\u00cdTRIO).&#8221;<\/span><\/a><\/p>\n","protected":false},"author":2,"featured_media":0,"comment_status":"open","ping_status":"open","sticky":false,"template":"","format":"standard","meta":[],"categories":[1],"tags":[],"_links":{"self":[{"href":"https:\/\/www.conversasdocoracao.com.br\/blog\/wp-json\/wp\/v2\/posts\/1528"}],"collection":[{"href":"https:\/\/www.conversasdocoracao.com.br\/blog\/wp-json\/wp\/v2\/posts"}],"about":[{"href":"https:\/\/www.conversasdocoracao.com.br\/blog\/wp-json\/wp\/v2\/types\/post"}],"author":[{"embeddable":true,"href":"https:\/\/www.conversasdocoracao.com.br\/blog\/wp-json\/wp\/v2\/users\/2"}],"replies":[{"embeddable":true,"href":"https:\/\/www.conversasdocoracao.com.br\/blog\/wp-json\/wp\/v2\/comments?post=1528"}],"version-history":[{"count":8,"href":"https:\/\/www.conversasdocoracao.com.br\/blog\/wp-json\/wp\/v2\/posts\/1528\/revisions"}],"predecessor-version":[{"id":1537,"href":"https:\/\/www.conversasdocoracao.com.br\/blog\/wp-json\/wp\/v2\/posts\/1528\/revisions\/1537"}],"wp:attachment":[{"href":"https:\/\/www.conversasdocoracao.com.br\/blog\/wp-json\/wp\/v2\/media?parent=1528"}],"wp:term":[{"taxonomy":"category","embeddable":true,"href":"https:\/\/www.conversasdocoracao.com.br\/blog\/wp-json\/wp\/v2\/categories?post=1528"},{"taxonomy":"post_tag","embeddable":true,"href":"https:\/\/www.conversasdocoracao.com.br\/blog\/wp-json\/wp\/v2\/tags?post=1528"}],"curies":[{"name":"wp","href":"https:\/\/api.w.org\/{rel}","templated":true}]}}