{"id":1580,"date":"2020-07-01T23:09:13","date_gmt":"2020-07-02T02:09:13","guid":{"rendered":"https:\/\/www.conversasdocoracao.com.br\/blog\/?p=1580"},"modified":"2020-07-02T21:14:04","modified_gmt":"2020-07-03T00:14:04","slug":"alem-do-arco-iris-alegria","status":"publish","type":"post","link":"https:\/\/www.conversasdocoracao.com.br\/blog\/2020\/07\/01\/alem-do-arco-iris-alegria\/","title":{"rendered":"AL\u00c9M DO ARCO IRIS! (ALEGRIA)."},"content":{"rendered":"<p>Amanhecer lindo. Naquela manh\u00e3 decidi caminhar nas areias \u00famidas da praia. A mar\u00e9 tinha subido muito durante a madrugada. Tirei os chinelos. Precisava acordar o meu peito que insistia naquela ang\u00fastia intermitente. Talvez a areia \u00famida pudesse me ajudar! Estava numa situa\u00e7\u00e3o emocional muito complicada. Assim que senti aquele frio \u00famido embaixo dos p\u00e9s, subiu pela minha espinha um arrepio intenso. Cheguei at\u00e9 a sentir um certo frio no corpo todo. Era uma manh\u00e3 de sol, atenuado por ventos leves. T\u00edpico outono. Marcelo, um amigo muito amado, me disse certa vez que a natureza tem rem\u00e9dios para todos os males da alma. \u00c9 s\u00f3 buscar. Ela \u00e9 t\u00e3o generosa! Oferece de gra\u00e7a possibilidades infinitas de resolu\u00e7\u00f5es para certas pris\u00f5es que acometem o cora\u00e7\u00e3o. Esse meu amigo vive em minha mente. &#8220;Respiro ele&#8221;! Dizia que tinha\u00a0 dons de telepatia. Eu brincava com isso. Sempre que est\u00e1vamos juntos, meio gozando, ele queria adivinhar os meus pensamentos. A gente ria muito. Confesso que muitas vezes ele acertava, mas eu n\u00e3o admitia. S\u00f3 para tirar ele do s\u00e9rio. Ficava zoando com ele. Mas realmente a sua sensibilidade era incr\u00edvel! Chorei muito em seus ombros quentes. Era meigo, carinhoso e criativo. Menino inteligente! Mais velho que eu onze anos. Naturalmente mais amadurecido. Eu era uma moleca de dezoito anos! Como um professor, tentava me ensinar a lidar com as encrencas emocionais em que me metia. Meus horm\u00f4nios a mil. Imaginem! Confessava pra ele todos os segredos que n\u00e3o dizia nem pra minha m\u00e3e, que insistia em ser minha amiga intima. N\u00e3o. N\u00e3o confiava nela. S\u00f3 no Marcelo. Intimamente eu tinha uma admira\u00e7\u00e3o enorme por ele. Mais que pelo meu pai! Ele sempre foi t\u00e3o leal comigo. Meu pai, nem tanto. Me mentiu v\u00e1rias vezes. Me tratava como uma menininha desprovida de intelig\u00eancia. Acho que ele n\u00e3o me admirava! Quando se separou de minha m\u00e3e nem senti sua falta. Nunca mais quis v\u00ea-lo. Nem ele a mim! Minha m\u00e3e era outra pessoa mal resolvida. Com aqueles namorados imbecis que ela arrumava, s\u00f3 me afastou dela. Ela tamb\u00e9m n\u00e3o estava nem ai comigo. &#8220;Gra\u00e7as a Deus&#8221;!\u00a0 Nunca foi a m\u00e3e que eu queria. Fui morar sozinha aos vinte e dois anos. Foi bem nessa \u00e9poca que Marcelo foi transferido para o exterior. Era cientista e iria terminar o seu doutorado. Fiquei numa tristeza infinita! Na partida, ele prometeu emocionado que um dia viria me buscar. Chorei mais ainda quando ouvi isso. Lembro do avi\u00e3o subindo. Meu cora\u00e7\u00e3o se despeda\u00e7ando em mil peda\u00e7os. Naquele momento senti que n\u00e3o era s\u00f3 amizade. Estava apaixonada por Marcelo. Acho que ele nem desconfiava. Sempre me tratou como uma irm\u00e3. Isso aconteceu h\u00e1 dois anos. Passei esse tempo todo desviando os meus pensamentos da imagem que guardei dele. Mas, mesmo que eu evitasse pensar, ele vinha atrav\u00e9s de sonhos, atos falhos&#8230; De vez em quando a gente se falava. Ele mandava fotos. Todo lindo e feliz! Nem desconfiava da minha dor. Eu nunca falei nada. Tinha medo de perder o amigo. Na noite anterior daquela manh\u00e3 em que fui andar nas areias \u00famidas da praia, eu tinha sonhado com ele. Foram t\u00e3o fortes as sensa\u00e7\u00f5es. A sua presen\u00e7a. Seus olhos risonhos e amendoados. Sua voz t\u00e3o poderosa em mim. Quantas saudades! Quando acordei e me vi diante de minha costumeira solid\u00e3o acho que deprimi. At\u00e9 o meu gato me abandonou naquela manh\u00e3. O que me deu um certo alento foi olhar para a orqu\u00eddea lil\u00e1s, toda florida na mesa de centro de minha sala. Presente de Marcelo, antes de partir. Suas flores energizavam a sala inteira. Era uma forma lil\u00e1s de estar com ele. Acalmava a minha solid\u00e3o. Cuidava daquele vaso\u00a0 como se estivesse\u00a0 cuidando de Marcelo. Naquela manh\u00e3, foi ela que me impulsionou a sair e caminhar na praia. Naqueles dias, estava muito preocupada porque n\u00e3o tinha not\u00edcias de Marcelo h\u00e1 quase um m\u00eas. Tentava entender o porque! Na areia \u00famida, envolvida nesses pensamentos doloridos, caminhava olhando para o ch\u00e3o. Por um momento levantei os olhos para o c\u00e9u e vislumbrei um arco iris maravilhoso enfeitando o horizonte. Me senti hipnotizada diante daquela beleza. Continuei andando sem olhar para a frente. Com o olhar fixo naquelas cores m\u00e1gicas. De repente, trombei com algu\u00e9m. Quase cai na areia. Que susto lindo! N\u00e3o podia acreditar. Marcelo de prop\u00f3sito trombou comigo. Com seu olhar risonho e energ\u00e9tico, rindo e balbuciando palavras de carinho, me envolveu num\u00a0 abra\u00e7o de explodir o cora\u00e7\u00e3o. Milh\u00f5es de arcos iris! Foi o momento mais intenso que pude viver. Milagres existem!\u00a0 Num repente tudo mudou dentro de mim. Ele, como sempre brincalh\u00e3o, falou que estava com saudades de cuidar de sua &#8220;menininha maluca&#8221;. Me belisquei com medo de estar sonhando! Ser\u00e1 que tenho chances com esse senhor? Ele odiava quando o chamava assim! Gostava de irrit\u00e1-lo. Ele ficava mais lindo ainda. Um brilho diferente no olhar. S\u00f3 sei que\u00a0 tenho respirado a alegria de viver! Ontem criei coragem e mandei uma mensagem pra ele: QUER VIAJAR NUM ARCO-IRIS?<\/p>\n","protected":false},"excerpt":{"rendered":"<p>Amanhecer lindo. Naquela manh\u00e3 decidi caminhar nas areias \u00famidas da praia. A mar\u00e9 tinha subido muito durante a madrugada. Tirei os chinelos. Precisava acordar o meu peito que insistia naquela ang\u00fastia intermitente. Talvez a areia \u00famida pudesse me ajudar! Estava numa situa\u00e7\u00e3o emocional muito complicada. Assim que senti aquele frio \u00famido embaixo dos p\u00e9s, subiu &hellip; <a href=\"https:\/\/www.conversasdocoracao.com.br\/blog\/2020\/07\/01\/alem-do-arco-iris-alegria\/\" class=\"more-link\">Continue lendo<span class=\"screen-reader-text\"> &#8220;AL\u00c9M DO ARCO IRIS! (ALEGRIA).&#8221;<\/span><\/a><\/p>\n","protected":false},"author":2,"featured_media":0,"comment_status":"open","ping_status":"open","sticky":false,"template":"","format":"standard","meta":[],"categories":[1],"tags":[],"_links":{"self":[{"href":"https:\/\/www.conversasdocoracao.com.br\/blog\/wp-json\/wp\/v2\/posts\/1580"}],"collection":[{"href":"https:\/\/www.conversasdocoracao.com.br\/blog\/wp-json\/wp\/v2\/posts"}],"about":[{"href":"https:\/\/www.conversasdocoracao.com.br\/blog\/wp-json\/wp\/v2\/types\/post"}],"author":[{"embeddable":true,"href":"https:\/\/www.conversasdocoracao.com.br\/blog\/wp-json\/wp\/v2\/users\/2"}],"replies":[{"embeddable":true,"href":"https:\/\/www.conversasdocoracao.com.br\/blog\/wp-json\/wp\/v2\/comments?post=1580"}],"version-history":[{"count":6,"href":"https:\/\/www.conversasdocoracao.com.br\/blog\/wp-json\/wp\/v2\/posts\/1580\/revisions"}],"predecessor-version":[{"id":1586,"href":"https:\/\/www.conversasdocoracao.com.br\/blog\/wp-json\/wp\/v2\/posts\/1580\/revisions\/1586"}],"wp:attachment":[{"href":"https:\/\/www.conversasdocoracao.com.br\/blog\/wp-json\/wp\/v2\/media?parent=1580"}],"wp:term":[{"taxonomy":"category","embeddable":true,"href":"https:\/\/www.conversasdocoracao.com.br\/blog\/wp-json\/wp\/v2\/categories?post=1580"},{"taxonomy":"post_tag","embeddable":true,"href":"https:\/\/www.conversasdocoracao.com.br\/blog\/wp-json\/wp\/v2\/tags?post=1580"}],"curies":[{"name":"wp","href":"https:\/\/api.w.org\/{rel}","templated":true}]}}