{"id":1613,"date":"2020-07-22T20:57:08","date_gmt":"2020-07-22T23:57:08","guid":{"rendered":"https:\/\/www.conversasdocoracao.com.br\/blog\/?p=1613"},"modified":"2020-07-23T18:44:52","modified_gmt":"2020-07-23T21:44:52","slug":"a-furia-dos-bichosjustica-da-vida-rascunho","status":"publish","type":"post","link":"https:\/\/www.conversasdocoracao.com.br\/blog\/2020\/07\/22\/a-furia-dos-bichosjustica-da-vida-rascunho\/","title":{"rendered":"A F\u00daRIA DOS BICHOS!(JUSTI\u00c7A DA VIDA)."},"content":{"rendered":"<p>&#8220;A vida grita por seus direitos! A injusti\u00e7a que existe na terra\u00a0 n\u00e3o pode continuar da forma que est\u00e1! Somos alvos diretos desses seres humanos desalmados&#8221;. Gritou a leoa mais evolu\u00edda da floresta. Leoa dourada! Enfurecida, em cima de sua \u00e1rvore preferida, seus olhos tinham uma luz de fogo. Ainda gritando, continuou vociferando sobre\u00a0 as maldades e destrui\u00e7\u00f5es que seus companheiros de esp\u00e9cie andam sofrendo atrav\u00e9s dos tempos. Gritava t\u00e3o alto que at\u00e9 do\u00eda os t\u00edmpanos dos animais presentes. Falava das ca\u00e7as e torturas que sempre haviam na floresta. Invas\u00f5es e terrorismo o tempo todo. N\u00e3o dava mais pra suportar! Enfurecida, disse que\u00a0 tinha chegado aos seus ouvidos os enormes sofrimentos a que os animais\u00a0 nas cidades grandes tamb\u00e9m estavam submetidos! Al\u00e9m de escraviz\u00e1-los covardemente tamb\u00e9m os assassinavam. A Leoa Dourada em seu discurso estava convocando para uma &#8220;revolu\u00e7\u00e3o&#8221;! Certamente n\u00e3o poderia contar com os animais das cidades visto que eram prisioneiros. N\u00e3o! N\u00e3o, podiam contar com eles. Apenas lutar por eles! Horrorizada falava que eles eram v\u00edtimas inocentes, encarceradas e condenadas \u00e0 morte sem terem feito mal a ningu\u00e9m. &#8220;Os humanos se divertiam e se enriqueciam com a matan\u00e7a de animais&#8221;! Vamos acabar com essa crueldade toda. A Leoa Dourada estava revoltada.\u00a0 Dizia que o universo tamb\u00e9m n\u00e3o poderia estar a favor desses cru\u00e9is desalmados. Ele certamente conspirava a favor dos bichos! Com muita indigna\u00e7\u00e3o ela aumentava o tom da voz e descrevia a falta de sensibilidade total dos humanos para com os animais. &#8220;Temos direito \u00e0 vida&#8221;. Falou at\u00e9 sobre a for\u00e7a do instinto de vida que existe nas diferentes esp\u00e9cies. Tanto nos animais quanto no seres humanos o &#8220;instinto de vida&#8221; \u00e9 muito forte! Vacas, cachorros, galinhas, porcos, patos, perus e tantos outros&#8230; Ningu\u00e9m quer morrer, assim como o homem. &#8220;N\u00e3o sa\u00edmos por ai matando humanos por nada!&#8221;. Terminado seu eloquente discurso, todos aplaudiram intensamente . A\u00a0 Leoa Dourada estava visivelmente muito entusiasmada e satisfeita com o resultado obtido. Todos os animais em coro concordavam com o que estavam ouvindo; ent\u00e3o a Leoa conclamou a uni\u00e3o de todos os presentes. Era necess\u00e1ria uma rea\u00e7\u00e3o em massa na\u00a0 busca da melhor estrat\u00e9gia. No meio desse calor emocional, surgiu de repente, bem ao lado da \u00e1rvore em que a leoa estava, uma enorme vaca branca com uma ave de rapina sobre o dorso. Parecia uma ave de contos de fada! Ela segurava um cartaz em seu bico com o seguinte dizeres:- &#8220;Vamos lutar com as armas que temos&#8221;. Todos os animais leram em coro. Come\u00e7aram a repetir bem alto as frases do cartaz:- &#8220;Eles se alimentam e se enriquecem com a nossa dor. \u00c9 injusto! GUERRA!&#8221;. \u00a0Terminada a explos\u00e3o emocional do bando, foram combinar uma solu\u00e7\u00e3o inteligente e sutil. Uma forma inesperada em que eles se surpreendam. Todos que estavam por ali come\u00e7aram a expressar seus sons num tom alto e gutural conclamando uni\u00e3o e for\u00e7a e dando suas opini\u00f5es. Muito alterados pela emo\u00e7\u00e3o presente. Aceitando o desafio que a situa\u00e7\u00e3o exigia. Foi pedido um instante de sil\u00eancio. Depois da\u00a0 reflex\u00e3o grupal, decidiram qual a melhor forma. Sigilo total! Todos concordaram que seria uma arma invis\u00edvel. As formas que os\u00a0 humanos tem para essas situa\u00e7\u00f5es, n\u00e3o resolveriam de imediato o problema que os bichos criariam. M\u00e1quinas seriam impotentes para protegerem os humanos com a estrat\u00e9gia criada pelos bichos. Talvez , depois disso, eles respeitassem mais a vida no planeta. Decis\u00e3o tomada! Foram \u00e0 luta! O mundo ent\u00e3o adoeceu mortalmente. Os homens n\u00e3o desconfiaram da justa vingan\u00e7a dos animais. Est\u00e3o t\u00e3o involu\u00eddos!&#8221;! Esse sonho foi relatado por MARIANA, em sua sess\u00e3o de terapia, um pouco antes da pandemia. Jovem excessivamente carn\u00edvora. Um tanto insens\u00edvel. Indiferente aos animais. Sup\u00e9rflua. Levava uma vida desintegrada de sua verdadeira\u00a0 sensibilidade. S\u00f3 percebia a sua pr\u00f3pria dor. Dessa ela tentava cuidar para n\u00e3o sofrer. Esse sonho foi extremamente mobilizador na vida dessa menina mo\u00e7a. Alterou valores em seu modo de olhar a vida. N\u00e3o sabia explicar o porqu\u00ea! S\u00f3 sabia que se sentia mais integrada consigo mesma. De in\u00edcio achou at\u00e9 esquisito tantas transforma\u00e7\u00f5es sem que ela pudesse reagir. Apenas aconteceu. Mudou! Sente que sua consci\u00eancia se ampliou para um mundo de sensa\u00e7\u00f5es desconhecidas e intensas. Mais integrada \u00e0 natureza. Talvez mais leve. Desenvolveu muita empatia. N\u00e3o consegue nem pensar que p\u00f4de colaborar com o sofrimento dos animais, mesmo que de forma indireta. Surgiu uma necessidade enorme de se aproximar do mundo deles. Come\u00e7ou a ler textos, livros e pesquisas sobre o mundo animal. Fez visitas a ONGs. Comprometeu-se a fazer trabalhos como volunt\u00e1ria. Adotou Jade e Jasmim!\u00a0 Sua casa anda numa bagun\u00e7a colorida. Muita festa por l\u00e1. Sapatos ro\u00eddos pelas brincadeiras das meninas. Carne, s\u00f3 de soja. Mais feliz e amorosa. Decidiu que ir\u00e1 fazer veterin\u00e1ria para estar mais \u00edntima desses bichinhos t\u00e3o incr\u00edveis. Quer se tornar uma profissional da \u00e1rea. Registrou em sua mente a certeza que sua leoa \u00e9 s\u00e1bia. Poderosa. Conseguiu transform\u00e1-la numa nova pessoa! Nunca mais vai se nutrir da dor de nenhum ser inocente. &#8220;MATAR? S\u00d3 A TRISTEZA E A SAUDADE!&#8221;.<\/p>\n","protected":false},"excerpt":{"rendered":"<p>&#8220;A vida grita por seus direitos! A injusti\u00e7a que existe na terra\u00a0 n\u00e3o pode continuar da forma que est\u00e1! Somos alvos diretos desses seres humanos desalmados&#8221;. Gritou a leoa mais evolu\u00edda da floresta. Leoa dourada! Enfurecida, em cima de sua \u00e1rvore preferida, seus olhos tinham uma luz de fogo. Ainda gritando, continuou vociferando sobre\u00a0 as &hellip; <a href=\"https:\/\/www.conversasdocoracao.com.br\/blog\/2020\/07\/22\/a-furia-dos-bichosjustica-da-vida-rascunho\/\" class=\"more-link\">Continue lendo<span class=\"screen-reader-text\"> &#8220;A F\u00daRIA DOS BICHOS!(JUSTI\u00c7A DA VIDA).&#8221;<\/span><\/a><\/p>\n","protected":false},"author":2,"featured_media":0,"comment_status":"open","ping_status":"open","sticky":false,"template":"","format":"standard","meta":[],"categories":[1],"tags":[],"_links":{"self":[{"href":"https:\/\/www.conversasdocoracao.com.br\/blog\/wp-json\/wp\/v2\/posts\/1613"}],"collection":[{"href":"https:\/\/www.conversasdocoracao.com.br\/blog\/wp-json\/wp\/v2\/posts"}],"about":[{"href":"https:\/\/www.conversasdocoracao.com.br\/blog\/wp-json\/wp\/v2\/types\/post"}],"author":[{"embeddable":true,"href":"https:\/\/www.conversasdocoracao.com.br\/blog\/wp-json\/wp\/v2\/users\/2"}],"replies":[{"embeddable":true,"href":"https:\/\/www.conversasdocoracao.com.br\/blog\/wp-json\/wp\/v2\/comments?post=1613"}],"version-history":[{"count":13,"href":"https:\/\/www.conversasdocoracao.com.br\/blog\/wp-json\/wp\/v2\/posts\/1613\/revisions"}],"predecessor-version":[{"id":1626,"href":"https:\/\/www.conversasdocoracao.com.br\/blog\/wp-json\/wp\/v2\/posts\/1613\/revisions\/1626"}],"wp:attachment":[{"href":"https:\/\/www.conversasdocoracao.com.br\/blog\/wp-json\/wp\/v2\/media?parent=1613"}],"wp:term":[{"taxonomy":"category","embeddable":true,"href":"https:\/\/www.conversasdocoracao.com.br\/blog\/wp-json\/wp\/v2\/categories?post=1613"},{"taxonomy":"post_tag","embeddable":true,"href":"https:\/\/www.conversasdocoracao.com.br\/blog\/wp-json\/wp\/v2\/tags?post=1613"}],"curies":[{"name":"wp","href":"https:\/\/api.w.org\/{rel}","templated":true}]}}