{"id":1649,"date":"2020-08-13T21:38:26","date_gmt":"2020-08-14T00:38:26","guid":{"rendered":"https:\/\/www.conversasdocoracao.com.br\/blog\/?p=1649"},"modified":"2020-08-14T16:57:38","modified_gmt":"2020-08-14T19:57:38","slug":"o-puxa-saco-auto-imagem-doente-rascunho","status":"publish","type":"post","link":"https:\/\/www.conversasdocoracao.com.br\/blog\/2020\/08\/13\/o-puxa-saco-auto-imagem-doente-rascunho\/","title":{"rendered":"O PUXA SACO! ( AUTO-IMAGEM DOENTE)."},"content":{"rendered":"<p>Pessoas razoavelmente equilibradas tem respostas saud\u00e1veis diante de situa\u00e7\u00f5es da vida. Suas rea\u00e7\u00f5es emocionais s\u00e3o proporcionais aos fatos que se apresentem. Seu equil\u00edbrio pode ser percebido a olho nu. Os desequil\u00edbrios na forma\u00e7\u00e3o do car\u00e1ter s\u00e3o formados, na maioria das vezes, atrav\u00e9s de uma educa\u00e7\u00e3o muito r\u00edgida, onde a express\u00e3o emocional sofre s\u00e9rios bloqueios. Esses bloqueios podem se manifestar de v\u00e1rias formas. A pessoa constr\u00f3i inconscientemente uma m\u00e1scara de prote\u00e7\u00e3o para n\u00e3o entrar na dor e passa a atuar na vida atrav\u00e9s dela. Deixa de ser aut\u00eantica\u00a0 e como compensa\u00e7\u00e3o desenvolve atitudes emocionais que n\u00e3o condizem com o seu verdadeiro eu.\u00a0 &#8220;A SOCIEDADE \u00c9 MASCARADA&#8221;! S\u00e3o in\u00fameras as rea\u00e7\u00f5es emocionais que podem ser desenvolvidas a partir dos bloqueios constru\u00eddos e v\u00e3o refletir direto nas atitudes e modo de ser de uma pessoa. Pode ir do mais s\u00fatil sintoma ao mais evidente comportamento doentio. Depende de como aquele psiquismo lidou com seus traumas e stresses e o tamanho do buraco que causou. &#8220;Podem surgir v\u00e1rios tipos de desequil\u00edbrios bio-ps\u00edquicos&#8221;! A intimidade proporciona um afrouxamento das m\u00e1scaras. &#8220;Nem por isso \u00e9 mais f\u00e1cil de se lidar com elas; muitas vezes necessita de ajuda profissional&#8221;! Os sentimentos enjaulados no peito tendem a ser expressos por sinais neur\u00f3ticos e repetitivos ou sintomas org\u00e2nicos. Podem emergir com maior intensidade ou em doses homeop\u00e1ticas. No ambiente social normalmente as m\u00e1scaras de defesas s\u00e3o mais refor\u00e7adas e mais dif\u00edceis de serem rompidas. O social tende a realimentar essas defesas. H\u00e1 uma compensa\u00e7\u00e3o inconsciente entre os &#8220;mascarados&#8221; em suas express\u00f5es emocionais reativas. Um precisa do outro para se sentir importante e sobreviver, sem alterar seu car\u00e1ter. A neurose \u00e9 um buraco negro! Entre outros, o &#8220;puxa saco&#8221; \u00e9 um bom modelo do que estamos descrevendo. Ele \u00e9 fruto do desequil\u00edbrio emocional. Esse quadro se revela em seu comportamento inadequado e pegajoso. &#8220;Extremamente carente&#8221;! Existem v\u00e1rios n\u00edveis de puxa sacos espalhados pelo mundo. Do sutil ao exagerado! Sob sua atitude est\u00e1 uma car\u00eancia enorme e necessidade de auto-afirma\u00e7\u00e3o. Tem uma p\u00e9ssima auto-imagem. Precisa bajular algu\u00e9m que julgue importante e poderoso. Essa proximidade e aceita\u00e7\u00e3o de quem ele elege, o fortalece e faz com que se sinta importante tamb\u00e9m. Projeta-se no seu \u00eddolo e se sente parte dele. Dependendo do n\u00edvel de fragilidade, essa atitude de bajula\u00e7\u00e3o alcan\u00e7a enormes propor\u00e7\u00f5es. Pode se tornar rid\u00edcula! O encaixe fica perfeito quando o &#8220;poderoso&#8221; eleito tem uma p\u00e9ssima auto-estima, tanto quanto ele. &#8220;Ambos preenchem doentiamente suas lacunas emocionais. Na realidade um precisa do outro para auto-afirmar suas identidades fragilizadas. O bloqueio da express\u00e3o emocional saud\u00e1vel \u00e9 o respons\u00e1vel por tantas sequelas no comportamento humano, alterando o direito leg\u00edtimo de ser pleno e feliz. Quanto maior a amplia\u00e7\u00e3o da consci\u00eancia, maior a possibilidade de reformas internas. O auto-resgate \u00e9 poss\u00edvel. QUE TAL EXPERIMENTAR?<\/p>\n","protected":false},"excerpt":{"rendered":"<p>Pessoas razoavelmente equilibradas tem respostas saud\u00e1veis diante de situa\u00e7\u00f5es da vida. Suas rea\u00e7\u00f5es emocionais s\u00e3o proporcionais aos fatos que se apresentem. Seu equil\u00edbrio pode ser percebido a olho nu. Os desequil\u00edbrios na forma\u00e7\u00e3o do car\u00e1ter s\u00e3o formados, na maioria das vezes, atrav\u00e9s de uma educa\u00e7\u00e3o muito r\u00edgida, onde a express\u00e3o emocional sofre s\u00e9rios bloqueios. Esses &hellip; <a href=\"https:\/\/www.conversasdocoracao.com.br\/blog\/2020\/08\/13\/o-puxa-saco-auto-imagem-doente-rascunho\/\" class=\"more-link\">Continue lendo<span class=\"screen-reader-text\"> &#8220;O PUXA SACO! ( AUTO-IMAGEM DOENTE).&#8221;<\/span><\/a><\/p>\n","protected":false},"author":2,"featured_media":0,"comment_status":"open","ping_status":"open","sticky":false,"template":"","format":"standard","meta":[],"categories":[1],"tags":[],"_links":{"self":[{"href":"https:\/\/www.conversasdocoracao.com.br\/blog\/wp-json\/wp\/v2\/posts\/1649"}],"collection":[{"href":"https:\/\/www.conversasdocoracao.com.br\/blog\/wp-json\/wp\/v2\/posts"}],"about":[{"href":"https:\/\/www.conversasdocoracao.com.br\/blog\/wp-json\/wp\/v2\/types\/post"}],"author":[{"embeddable":true,"href":"https:\/\/www.conversasdocoracao.com.br\/blog\/wp-json\/wp\/v2\/users\/2"}],"replies":[{"embeddable":true,"href":"https:\/\/www.conversasdocoracao.com.br\/blog\/wp-json\/wp\/v2\/comments?post=1649"}],"version-history":[{"count":12,"href":"https:\/\/www.conversasdocoracao.com.br\/blog\/wp-json\/wp\/v2\/posts\/1649\/revisions"}],"predecessor-version":[{"id":1666,"href":"https:\/\/www.conversasdocoracao.com.br\/blog\/wp-json\/wp\/v2\/posts\/1649\/revisions\/1666"}],"wp:attachment":[{"href":"https:\/\/www.conversasdocoracao.com.br\/blog\/wp-json\/wp\/v2\/media?parent=1649"}],"wp:term":[{"taxonomy":"category","embeddable":true,"href":"https:\/\/www.conversasdocoracao.com.br\/blog\/wp-json\/wp\/v2\/categories?post=1649"},{"taxonomy":"post_tag","embeddable":true,"href":"https:\/\/www.conversasdocoracao.com.br\/blog\/wp-json\/wp\/v2\/tags?post=1649"}],"curies":[{"name":"wp","href":"https:\/\/api.w.org\/{rel}","templated":true}]}}