{"id":1667,"date":"2020-08-17T19:26:51","date_gmt":"2020-08-17T22:26:51","guid":{"rendered":"https:\/\/www.conversasdocoracao.com.br\/blog\/?p=1667"},"modified":"2020-08-18T00:27:19","modified_gmt":"2020-08-18T03:27:19","slug":"o-acordar-do-poeta-ansiedade-rascunho","status":"publish","type":"post","link":"https:\/\/www.conversasdocoracao.com.br\/blog\/2020\/08\/17\/o-acordar-do-poeta-ansiedade-rascunho\/","title":{"rendered":"O ACORDAR DO POETA! (SENTIDOS BLOQUEADOS).)."},"content":{"rendered":"<p>Em\u00edlio precisou ser um empres\u00e1rio bem sucedido. Homem inteligente, bonito e sens\u00edvel n\u00e3o teve escolha. Teve que seguir a sina neur\u00f3tica que se imp\u00f4s. Quando menino rabiscava poesias e gostava muito de cinema e tudo que se relacionasse com a grande arte. Muito cedo foi para um col\u00e9gio interno. Durante sete anos foi privado de sua fonte de afeto genu\u00edna. Seus pais queriam que se preparasse para ser um homem poderoso e rico. Durante o ex\u00edlio, l\u00e1 no col\u00e9gio, n\u00e3o havia alternativas sen\u00e3o sufocar suas dores emocionais. Viveu um verdadeiro inferno! Tinha que sobreviver. Suprimiu sua sensibilidade saud\u00e1vel. Numa entrega maluca, foi construindo fantasias imposs\u00edveis. Pervertidas! Muitas vezes os personagens interpretavam cenas proibitivas que concomitantemente despertavam muita culpa nele. Paralelamente seu rendimento escolar era digno de louvor. O melhor aluno do col\u00e9gio. Conhecido como o &#8220;nota dez&#8221;! Muitos alunos s\u00f3 se referiam a ele por esse apelido. Seu intelecto, assim como seu ego, ficou inflado por tantos destaques e elogios que recebia. Externamente estava tudo \u00f3timo. O tempo foi passando, ele crescendo bonito e bem conceituado no meio estudantil e familiar. Seus pais, orgulhosos da intelig\u00eancia do filho, preocupavam-se com o seu futuro profissional, at\u00e9 porque tinham expectativas de serem beneficiados. Esperavam que Em\u00edlio fosse grato e retribu\u00edsse no futuro o que eles tinham feito por ele. &#8220;Muitos pais pensam assim&#8221;! Pouco o visitavam. Dessa forma n\u00e3o estimularia nele a vontade de voltar pra casa. Na verdade Em\u00edlio s\u00f3 visitava a fam\u00edlia durante as f\u00e9rias de fim de ano. Ficava longas horas com seu gato Nino e s\u00f3 a ele confiava seus verdadeiros sentimentos. A sensibilidade de sua m\u00e3e podia ser comparada a uma casca de crocodilo. &#8220;Talvez ela n\u00e3o tenha tido chances de se auto-desenvolver&#8221;! Em nenhum momento durante todo esse longo processo Anita, sua m\u00e3e, tivera o cuidado de saber se o filho estava feliz. Nunca quis entender o seu olhar triste e distante. Nem o seu silencio. Nem mesmo tocava na palavra amor! Suas conversa eram endere\u00e7adas ao racional. Exclusivamente. Mas o menino Em\u00edlio tamb\u00e9m fez das suas. Buscou for\u00e7as internas e se rebelou. Decidiu com com quinze anos n\u00e3o iria continuar preso.\u00a0 Transgrediu regras inadmiss\u00edveis no col\u00e9gio. Foi expulso! Os pais ficaram at\u00f4nitos com a s\u00fabita rebeldia, mas foram obrigados a aceitar a situa\u00e7\u00e3o. Feliz e culpado! Essa ambival\u00eancia, somada ao vazio emocional que sofreu pela longa separa\u00e7\u00e3o da fam\u00edlia, fez de Em\u00edlio um homem mais cerebral. Pr\u00e1tico. Seus sentidos ficaram bloqueados. Confusos. Grande dificuldade de express\u00e3o. Voltado mais para o externo. Desta forma chegou aos quarenta anos. Um menino no corpo de um homem. Rezou toda a cartilha da m\u00e3e. S\u00f3 que ela n\u00e3o esperava pelos espinhos que semeou! Ainda bem que esse menino est\u00e1 conseguindo se recuperar. Adoeceu por muito tempo por car\u00eancia de amor. N\u00e3o morreu! Desenvolveu raivas inconscientes vindas em doses homeop\u00e1ticas ou em s\u00fabitos surtos. Atitudes e express\u00f5es emocionais imprevis\u00edveis. Desajeitado em lidar com afetos e rela\u00e7\u00f5es. Expressa essa ambival\u00eancia nas mais diversas formas. Muito formal com os seus pais. Educado e frio. Como se fossem estranhos. Consegue falar de emo\u00e7\u00e3o. Sentir \u00e9 a sua grande dificuldade! Neste momento de vida, fazendo terapia, busca se entender melhor. Sabe que dinheiro e sucesso n\u00e3o s\u00e3o sin\u00f4nimos de felicidade. Quer entender a poesia de sua vida. J\u00c1 TEM A CORAGEM DE SER FELIZ!<\/p>\n","protected":false},"excerpt":{"rendered":"<p>Em\u00edlio precisou ser um empres\u00e1rio bem sucedido. Homem inteligente, bonito e sens\u00edvel n\u00e3o teve escolha. Teve que seguir a sina neur\u00f3tica que se imp\u00f4s. Quando menino rabiscava poesias e gostava muito de cinema e tudo que se relacionasse com a grande arte. Muito cedo foi para um col\u00e9gio interno. Durante sete anos foi privado de &hellip; <a href=\"https:\/\/www.conversasdocoracao.com.br\/blog\/2020\/08\/17\/o-acordar-do-poeta-ansiedade-rascunho\/\" class=\"more-link\">Continue lendo<span class=\"screen-reader-text\"> &#8220;O ACORDAR DO POETA! (SENTIDOS BLOQUEADOS).).&#8221;<\/span><\/a><\/p>\n","protected":false},"author":2,"featured_media":0,"comment_status":"open","ping_status":"open","sticky":false,"template":"","format":"standard","meta":[],"categories":[1],"tags":[],"_links":{"self":[{"href":"https:\/\/www.conversasdocoracao.com.br\/blog\/wp-json\/wp\/v2\/posts\/1667"}],"collection":[{"href":"https:\/\/www.conversasdocoracao.com.br\/blog\/wp-json\/wp\/v2\/posts"}],"about":[{"href":"https:\/\/www.conversasdocoracao.com.br\/blog\/wp-json\/wp\/v2\/types\/post"}],"author":[{"embeddable":true,"href":"https:\/\/www.conversasdocoracao.com.br\/blog\/wp-json\/wp\/v2\/users\/2"}],"replies":[{"embeddable":true,"href":"https:\/\/www.conversasdocoracao.com.br\/blog\/wp-json\/wp\/v2\/comments?post=1667"}],"version-history":[{"count":7,"href":"https:\/\/www.conversasdocoracao.com.br\/blog\/wp-json\/wp\/v2\/posts\/1667\/revisions"}],"predecessor-version":[{"id":1674,"href":"https:\/\/www.conversasdocoracao.com.br\/blog\/wp-json\/wp\/v2\/posts\/1667\/revisions\/1674"}],"wp:attachment":[{"href":"https:\/\/www.conversasdocoracao.com.br\/blog\/wp-json\/wp\/v2\/media?parent=1667"}],"wp:term":[{"taxonomy":"category","embeddable":true,"href":"https:\/\/www.conversasdocoracao.com.br\/blog\/wp-json\/wp\/v2\/categories?post=1667"},{"taxonomy":"post_tag","embeddable":true,"href":"https:\/\/www.conversasdocoracao.com.br\/blog\/wp-json\/wp\/v2\/tags?post=1667"}],"curies":[{"name":"wp","href":"https:\/\/api.w.org\/{rel}","templated":true}]}}