{"id":1690,"date":"2020-08-30T17:28:23","date_gmt":"2020-08-30T20:28:23","guid":{"rendered":"https:\/\/www.conversasdocoracao.com.br\/blog\/?p=1690"},"modified":"2023-09-27T23:02:11","modified_gmt":"2023-09-28T02:02:11","slug":"o-sonho-da-menina-triste-carencia","status":"publish","type":"post","link":"https:\/\/www.conversasdocoracao.com.br\/blog\/2020\/08\/30\/o-sonho-da-menina-triste-carencia\/","title":{"rendered":"O SONHO DA MENINA TRISTE! ( PROJE\u00c7\u00c3O)."},"content":{"rendered":"<p>Sheila andava passando por maus bocados. Noites mal dormidas, sonhos recorrentes, suores noturnos. Palpita\u00e7\u00f5es! S\u00e9rios ind\u00edcios de desequil\u00edbrio energ\u00e9tico. Seus dias estavam sufocados por sensa\u00e7\u00f5es ruins. Estava muito dif\u00edcil enfrentar o trabalho de pedagoga no prestigiado instituto de educa\u00e7\u00e3o &#8220;Rui de Andrade&#8221;. Tudo come\u00e7ou h\u00e1 seis meses, quando se envolveu numa situa\u00e7\u00e3o inusitada: Sheila sentada num dos bancos do jardim da escola em que trabalhava, distra\u00edda, corrigindo algumas reda\u00e7\u00f5es, com a m\u00e3o esquerda, &#8220;canhota&#8221;,\u00a0 de repente, uma borboleta azul turquesa pousa em seu bra\u00e7o direito. Pousa suavemente. Sheila, sempre teve imenso fasc\u00ednio por borboletas.\u00a0 Supersticiosa. Sempre que surgia borboletas azuis, &#8220;Iria acontecer algo de bom&#8221;! O toque da borboleta\u00a0 causou surpresa e encantamento. Imediatamente, parou com a corre\u00e7\u00e3o das provas. Tentou ficar com o bra\u00e7o imobilizado e\u00a0 respirando suavemente para evitar que ela voasse. Queria admirar de perto toda aquela beleza, azul turquesa. Sensa\u00e7\u00f5es misturadas afloraram.\u00a0 Ficou por alguns minutos nesse estase. Esse instante m\u00e1gico foi inesperadamente quebrado pela aproxima\u00e7\u00e3o do diretor da escola, Sr. Ant\u00f4nio. Homem de tra\u00e7os fortes. Negro. Simp\u00e1tico e sensual. Eloquente. Ele tinha observado de longe toda a cena. Tentou se aproximar\u00a0 fazendo o m\u00ednimo ru\u00eddo poss\u00edvel. &#8220;A borboleta voou! O charmoso diretor Ant\u00f4nio, sorrindo, lamentou a s\u00fabita fuga da borboleta&#8221;. Convidou Sheila para um caf\u00e9. Ali come\u00e7ou uma s\u00fabita paix\u00e3o dela por ele. Exageradamente carente como era,\u00a0 Sheila confundiu aten\u00e7\u00e3o por sedu\u00e7\u00e3o. Transferiu para Ant\u00f4nio todas as suas fantasias de menina-mulher. Pensava nele de modo obsessivo. N\u00e3o dava tr\u00e9gua ao seu cora\u00e7\u00e3o nem ao diretor. Criava situa\u00e7\u00f5es incr\u00edveis para se aproximar dele. Ant\u00f4nio, amadurecido, com uns bons anos a mais que Sheila,\u00a0 achava gra\u00e7a do ass\u00e9dio dela. Com o passar do tempo, Sheila desenvolveu comportamento inadequado, doentio, no ambiente profissional. Todos andavam comentando,\u00a0 sigilosamente sobre as investidas frustradas que Sheila, andava fazendo. Ant\u00f4nio, equilibrado e muito profissional, chamou Sheila para um papo adulto. Incisivo, deixou claro nessa conversa, que apesar de ach\u00e1-la bonita, n\u00e3o tinha interesse nela como mulher. Era bem casado e amava a sua fam\u00edlia. Disse que a admirava como profissional, mas que suas \u00faltimas atitudes estavam causando bochichos maldosos entre\u00a0 colegas e que isso n\u00e3o era legal. Sheila ficou arrasada. Envergonhada. Pediu desculpas e demiss\u00e3o. Foi trabalhar bem longe de seu Deus Negro! Queria esquecer aquela loucura.\u00a0 O saldo emocional daquele per\u00edodo, ficou confuso em seu cora\u00e7\u00e3o. N\u00e3o entendia porque sentia tanta atra\u00e7\u00e3o por Ant\u00f4nio.\u00a0 Alias, nem o conhecia direito! No meio dessa ambival\u00eancia, come\u00e7aram as noites mal dormidas e o &#8220;maldito sonho recorrente&#8221; que passou a atorment\u00e1-la. Quase\u00a0 todas as noites. Queria entender emocionalmente o seu significado e\u00a0 livrar- se daquela cena dolorosa. Aconselhada por uma amiga, buscou ajuda numa psicoterapia que abordava sonhos e seus significados; SONHO RECORRENTE: &#8220;Menina de uns sete anos de idade, cabelo castanhos curtos e franjinha curta.\u00a0 Surge sempre, resfriada, nariz escorrendo levemente, at\u00e9 perto da boca. Express\u00e3o muito triste. No olhar, velado pedido de socorro. Usando sempre o mesmo\u00a0 vestido claro, com babadinho no pesco\u00e7o e peito. Tecido leve, esvoa\u00e7ante. Iniciado o processo da psicoterapia, finalmente, viajou dentro dos s\u00edmbolos daquele sonho.\u00a0 Hist\u00f3rias com conte\u00fados reveladoras, emergiram.\u00a0 Reviu a sua m\u00e3e, Alice, solteira,\u00a0 assumindo sozinha a maternidade. Reconheceu que ela deu o seu melhor.\u00a0 Sheila n\u00e3o conseguiu suprir a aus\u00eancia do pai, ficando um buraco emocional em seu peito. A m\u00e3e de Sheila, apenas descrevia que ele era um homem forte, negro e muito sens\u00edvel. Por circunstancias da vida n\u00e3o pode estar presente em suas vidas. Nas sess\u00f5es de terapia, Sheila reconheceu dentro de si, imagens, posturas e atitudes que ela idealizou do pai ausente. Os sentimentos retidos nessa constru\u00e7\u00e3o emocional, come\u00e7aram a emergir paulatinamente durante o trabalho de interpreta\u00e7\u00e3o do sonho. A crian\u00e7a triste ressurgiu com for\u00e7a total pedindo socorro. Muitas l\u00e1grimas. Muitas sensa\u00e7\u00f5es desconhecidas at\u00e9 ent\u00e3o. Finalmente conseguiu falar com o pai. Conversou seriamente com ele. Falou de suas ang\u00fastias e da tristeza de n\u00e3o t\u00ea-lo\u00a0 e\u00a0 &#8220;quanto o esperou!&#8221;\u00a0 A imagem refletida da idealiza\u00e7\u00e3o, foi muito semelhante a\u00a0 imagem de Ant\u00f4nio, o diretor da escola. A semelhan\u00e7a foi tanta que num ato falho, chamou o pai de Ant\u00f4nio! Conseguiu sentir a confus\u00e3o e a proje\u00e7\u00e3o que viveu naquela louca paix\u00e3o. &#8220;\u00c9\u00a0 como se tentasse resgatar o homem de sua vida&#8221;! Compreendeu sua car\u00eancia e a necessidade de resolu\u00e7\u00e3o do bloqueio interno\u00a0 reformulando emo\u00e7\u00f5es mal resolvidas. Sheila deu uma acordada para a realidade, pesquisa muito sobre caminhos para o grande desejo de encontrar o pai. Anda\u00a0 pensando em fazer, tamb\u00e9m, busca pela internet pelo\u00a0 &#8220;Sr. Francisco Amorim&#8221;. Quem sabe! Desde ent\u00e3o, noites mal dormidas e sonhos recorrentes? FIM.<\/p>\n<p>.<\/p>\n","protected":false},"excerpt":{"rendered":"<p>Sheila andava passando por maus bocados. Noites mal dormidas, sonhos recorrentes, suores noturnos. Palpita\u00e7\u00f5es! S\u00e9rios ind\u00edcios de desequil\u00edbrio energ\u00e9tico. Seus dias estavam sufocados por sensa\u00e7\u00f5es ruins. Estava muito dif\u00edcil enfrentar o trabalho de pedagoga no prestigiado instituto de educa\u00e7\u00e3o &#8220;Rui de Andrade&#8221;. Tudo come\u00e7ou h\u00e1 seis meses, quando se envolveu numa situa\u00e7\u00e3o inusitada: Sheila sentada &hellip; <a href=\"https:\/\/www.conversasdocoracao.com.br\/blog\/2020\/08\/30\/o-sonho-da-menina-triste-carencia\/\" class=\"more-link\">Continue lendo<span class=\"screen-reader-text\"> &#8220;O SONHO DA MENINA TRISTE! ( PROJE\u00c7\u00c3O).&#8221;<\/span><\/a><\/p>\n","protected":false},"author":2,"featured_media":0,"comment_status":"open","ping_status":"open","sticky":false,"template":"","format":"standard","meta":[],"categories":[1],"tags":[],"_links":{"self":[{"href":"https:\/\/www.conversasdocoracao.com.br\/blog\/wp-json\/wp\/v2\/posts\/1690"}],"collection":[{"href":"https:\/\/www.conversasdocoracao.com.br\/blog\/wp-json\/wp\/v2\/posts"}],"about":[{"href":"https:\/\/www.conversasdocoracao.com.br\/blog\/wp-json\/wp\/v2\/types\/post"}],"author":[{"embeddable":true,"href":"https:\/\/www.conversasdocoracao.com.br\/blog\/wp-json\/wp\/v2\/users\/2"}],"replies":[{"embeddable":true,"href":"https:\/\/www.conversasdocoracao.com.br\/blog\/wp-json\/wp\/v2\/comments?post=1690"}],"version-history":[{"count":9,"href":"https:\/\/www.conversasdocoracao.com.br\/blog\/wp-json\/wp\/v2\/posts\/1690\/revisions"}],"predecessor-version":[{"id":2951,"href":"https:\/\/www.conversasdocoracao.com.br\/blog\/wp-json\/wp\/v2\/posts\/1690\/revisions\/2951"}],"wp:attachment":[{"href":"https:\/\/www.conversasdocoracao.com.br\/blog\/wp-json\/wp\/v2\/media?parent=1690"}],"wp:term":[{"taxonomy":"category","embeddable":true,"href":"https:\/\/www.conversasdocoracao.com.br\/blog\/wp-json\/wp\/v2\/categories?post=1690"},{"taxonomy":"post_tag","embeddable":true,"href":"https:\/\/www.conversasdocoracao.com.br\/blog\/wp-json\/wp\/v2\/tags?post=1690"}],"curies":[{"name":"wp","href":"https:\/\/api.w.org\/{rel}","templated":true}]}}