{"id":1702,"date":"2020-09-08T19:18:09","date_gmt":"2020-09-08T22:18:09","guid":{"rendered":"https:\/\/www.conversasdocoracao.com.br\/blog\/?p=1702"},"modified":"2020-09-09T21:57:01","modified_gmt":"2020-09-10T00:57:01","slug":"abraco-louco-sensacoes-viscerais-rascunho","status":"publish","type":"post","link":"https:\/\/www.conversasdocoracao.com.br\/blog\/2020\/09\/08\/abraco-louco-sensacoes-viscerais-rascunho\/","title":{"rendered":"ABRA\u00c7O LOUCO! (SENSA\u00c7\u00d5ES VISCERAIS)."},"content":{"rendered":"<p>Acho que estou obsessiva. N\u00e3o \u00e9 poss\u00edvel. De novo n\u00e3o! Essa saudade doentia est\u00e1 me deixando insana. Preciso me tratar! Tomar rem\u00e9dios. Sei l\u00e1! Estou doente. N\u00e3o consigo parar de pensar naquele olhar brilhante. Sorriso transparente. Cal\u00e7as jeans azul claro e camiseta branca. Aquela estampa t\u00e3o forte. T\u00e3o sexy! Corte de cabelo &#8220;grego&#8221;, \u00fanico nele. Nossa! \u00cdmpetos de\u00a0 agarrar aquele homem! Quase incontrol\u00e1veis! Tento desviar os pensamentos, mas, volto a pensar nele. Penso na nossa cafeteria! Ele, com o seu usual caf\u00e9 bem curto. Eu, no meu velho estilo &#8220;americano&#8221;, bem fraco! Sempre acompanhados por docinhos crocantes. Aquela rotina semanal, deliciosa. Todas as tardes de sextas feiras. Exatamente \u00e0s dezessete horas. Fixo! At\u00e9 meio neur\u00f3tico. Nunca houve atrasos. O dono da cafeteria j\u00e1 sabia. Sempre havia um lugar especial reservado. Lotava demais. A mo\u00e7ada fazia ponto de encontro. Isso martela na minha cabe\u00e7a direto! Foi l\u00e1 que conheci Artur. Psic\u00f3logo, despojado e extrovertido que ati\u00e7ou os meus sentidos! Tinha cl\u00ednica bem perto dali. Dois quarteir\u00f5es. Aproveitava os intervalos entre uma sess\u00e3o e outra pra ir tomar o famoso caf\u00e9 da casa. Normalmente estava sozinho, lendo algum livro ou texto. Na primeira vez em que o vi n\u00e3o sabia nada dele ainda. A sua figura me fascinou. Durante algumas semanas fiquei indo na cafeteria, at\u00e9 criar coragem de me aproximar. Numa dessas tardes, atrevida e curiosa, armei uma cena de improviso. Passando pela sua mesa, fiz que tropecei. Deixei cair quase que em cima dele a carteira que segurava. Ele, meio assustado com o imprevisto, abaixou-se e me entregou a carteira. Foi a primeira vez que me olhou! Pedi mil desculpas. &#8220;Sua express\u00e3o me intrigava e excitava&#8221;. Parecia um homem misterioso e cheio de sabedoria. No trope\u00e7\u00e3o simulado, por azar ou n\u00e3o, machuquei o dedinho do p\u00e9 direito. Artur convidou-me a sentar em sua mesa at\u00e9 melhorar a dor que a\u00a0 tor\u00e7\u00e3o causou. Do\u00eda mesmo! Sem gra\u00e7a pelo constrangimento inesperado, novamente me desculpei. Desta vez, de verdade!\u00a0 Muito gentil, comentou que aquelas mesas eram muito pr\u00f3ximas umas das outras, mesmo. Dif\u00edcil n\u00e3o trope\u00e7ar.\u00a0 &#8220;Que voz , meu Deus!&#8221; Come\u00e7ou um papo bem legal e informal. Meio brincando estendeu a m\u00e3o &#8220;Artur a seu dispor&#8221;. Retribuindo o sorriso: &#8220;Milena, a desastrada!&#8221;. Ca\u00edmos na risada. Nesse momento Artur me ofereceu um caf\u00e9. Ficamos uns trinta minutos sentados naquele cantinho conversando sobre a for\u00e7a do inconsciente. Tema do livro que ele estava lendo.&#8221;Os melhores trinta minutos de minha vida&#8221;! Fiquei ouvindo-o como se ele fosse um Deus. Falou que era psicoterapeuta. Que trabalhava na \u00e1rea cl\u00ednica. &#8220;Evitava falar muito de sua profiss\u00e3o&#8221;. Discreto e sutil. Fiquei ainda mais atra\u00edda por aquele homem. Percebi em nossa conversa como a mente humana o intrigava. De repente, Artur olhou no rel\u00f3gio e disse estar em sua hora. Tinha que trabalhar! Devo ter expressado frustra\u00e7\u00e3o. Ele se levantou e entregou seu telefone, caso precisasse. Deu-me um sorriso e um beijinho na face. Saiu rapidamente. Fiquei t\u00e3o feliz. Eu estava carente demais! Pouco depois voltei pra casa. N\u00e3o dormi naquela noite. Artur me enfeiti\u00e7ou. N\u00e3o me lembro ter vivido isso antes. Nem via a hora de amanhecer para ver se aquela excita\u00e7\u00e3o melhorava. S\u00f3 pensava que precisava rever aquele homem. Nunca em meus trinta e oito anos de idade tinha tido sensa\u00e7\u00e3o semelhante. Deliciosamente adolescente! Ter conversado com ele tinha significado muito pra mim. &#8220;Ampliou minha consci\u00eancia e olhar para o mundo&#8221;. Pulei da cama bem cedo e fui direto tomar uma ducha quentinha. Espiei pela janela e vislumbrei um lindo nascer de sol que me estimulou a idealizar um sonho maluco.\u00a0 &#8220;Queria aquele homem!&#8221;Nem me perguntei se ele teria sentido o mesmo. Estava numa situa\u00e7\u00e3o emocional muito egoc\u00eantrica. S\u00f3 queria saber de mim. Pensei muito. Resolvi segurar a ansiedade e dar uma de dif\u00edcil. &#8220;Sei que os homens preferem mulheres dif\u00edceis&#8221;! Decidi esperar at\u00e9 a pr\u00f3xima sexta, naquele mesmo caf\u00e9. Desta vez j\u00e1 poderia conversar direto com ele! Sem nenhum truque. A semana passou t\u00e3o lentamente que quase enfartei. Na sexta feira, aproveitando a tarde amena, coloquei o meu vestido amarelo florido. Sexy! Chamava a aten\u00e7\u00e3o dos olhares masculinos. Cheguei no hor\u00e1rio de sempre. Perscrutei o ambiente. L\u00e1 estava o meu rei, na mesinha especial de sempre. Fui direto \u00e0 sua mesa. Como se j\u00e1 tivesse direitos adquiridos sobre ele. &#8220;Assim me perdi em Artur&#8221;! Fui me apaixonando e fantasiando o mundo. Ele falava de coisas e ideias que me extasiavam. Al\u00e9m da qu\u00edmica, desenvolvi uma profunda admira\u00e7\u00e3o por ele. Era o homem maduro dos meus sonhos! Nunca falou de sentimentos. N\u00e3o gostava de falar de sua vida particular. Eu n\u00e3o me importava com isso. Te-lo pr\u00f3ximo j\u00e1 me fazia sentir realizada. Suas conversas eram intrigantes. Os meus pensamentos pecaminosos! Esta mistura de sensa\u00e7\u00f5es foram alimentadas por mim o tempo todo. O motivo principal de eu me interessar pelo psiquismo e as atitudes humanas. Nossos encontros duraram maravilhosos cinco meses. Eu n\u00e3o aguentava maios disfar\u00e7ar enormes sentimentos que Artur despertava em mim. Estava doida de paix\u00e3o. Resolvi arriscar tudo. Era uma sexta feira cinza. Cora\u00e7\u00e3o pulando no peito. Desenfreado. M\u00e3os geladas. Olho no olho! Sabotei o medo de rejei\u00e7\u00e3o. Falei dos meu desejos. Da atra\u00e7\u00e3o intensa que sentia por ele. Das fantasias e sonhos. &#8220;Parecia uma sess\u00e3o de terapia&#8221;! Eu falava. Ele ouvia. Silenciosamente. Sem julgar. Acolhedor! Chorei. Chorei muito. Num repente ele levantou-se, pegou minha m\u00e3o, delicadamente, e fomos caminhar na orla da praia, pertinho dali. O vento estava prometendo chuva pr\u00f3xima. Fa\u00edscas no c\u00e9u. O mar com ondas violentas. Intensas! Paramos por um momento. Artur me abra\u00e7ou. Abra\u00e7ou t\u00e3o forte que at\u00e9 prendeu a minha respira\u00e7\u00e3o. Sensa\u00e7\u00e3o ambivalente. Morte e vida! \u00c1guas perigosas come\u00e7aram a cair do c\u00e9u. Gelada! &#8220;Naquele dia, estranhamente ele estava vestido com a mesma roupa de quando o conheci&#8221;. O seu jeans azul foi ficando grudado em meu vestido amarelo. Era tanta \u00e1gua! Encharcados. Mal pod\u00edamos caminhar. A tempestade pegou a gente em cheio. N\u00e3o sobrou nada. ACABAMOS ALI!<\/p>\n","protected":false},"excerpt":{"rendered":"<p>Acho que estou obsessiva. N\u00e3o \u00e9 poss\u00edvel. De novo n\u00e3o! Essa saudade doentia est\u00e1 me deixando insana. Preciso me tratar! Tomar rem\u00e9dios. Sei l\u00e1! Estou doente. N\u00e3o consigo parar de pensar naquele olhar brilhante. Sorriso transparente. Cal\u00e7as jeans azul claro e camiseta branca. Aquela estampa t\u00e3o forte. T\u00e3o sexy! Corte de cabelo &#8220;grego&#8221;, \u00fanico nele. &hellip; <a href=\"https:\/\/www.conversasdocoracao.com.br\/blog\/2020\/09\/08\/abraco-louco-sensacoes-viscerais-rascunho\/\" class=\"more-link\">Continue lendo<span class=\"screen-reader-text\"> &#8220;ABRA\u00c7O LOUCO! (SENSA\u00c7\u00d5ES VISCERAIS).&#8221;<\/span><\/a><\/p>\n","protected":false},"author":2,"featured_media":0,"comment_status":"open","ping_status":"open","sticky":false,"template":"","format":"standard","meta":[],"categories":[1],"tags":[],"_links":{"self":[{"href":"https:\/\/www.conversasdocoracao.com.br\/blog\/wp-json\/wp\/v2\/posts\/1702"}],"collection":[{"href":"https:\/\/www.conversasdocoracao.com.br\/blog\/wp-json\/wp\/v2\/posts"}],"about":[{"href":"https:\/\/www.conversasdocoracao.com.br\/blog\/wp-json\/wp\/v2\/types\/post"}],"author":[{"embeddable":true,"href":"https:\/\/www.conversasdocoracao.com.br\/blog\/wp-json\/wp\/v2\/users\/2"}],"replies":[{"embeddable":true,"href":"https:\/\/www.conversasdocoracao.com.br\/blog\/wp-json\/wp\/v2\/comments?post=1702"}],"version-history":[{"count":10,"href":"https:\/\/www.conversasdocoracao.com.br\/blog\/wp-json\/wp\/v2\/posts\/1702\/revisions"}],"predecessor-version":[{"id":1705,"href":"https:\/\/www.conversasdocoracao.com.br\/blog\/wp-json\/wp\/v2\/posts\/1702\/revisions\/1705"}],"wp:attachment":[{"href":"https:\/\/www.conversasdocoracao.com.br\/blog\/wp-json\/wp\/v2\/media?parent=1702"}],"wp:term":[{"taxonomy":"category","embeddable":true,"href":"https:\/\/www.conversasdocoracao.com.br\/blog\/wp-json\/wp\/v2\/categories?post=1702"},{"taxonomy":"post_tag","embeddable":true,"href":"https:\/\/www.conversasdocoracao.com.br\/blog\/wp-json\/wp\/v2\/tags?post=1702"}],"curies":[{"name":"wp","href":"https:\/\/api.w.org\/{rel}","templated":true}]}}