{"id":1725,"date":"2020-09-23T16:42:30","date_gmt":"2020-09-23T19:42:30","guid":{"rendered":"https:\/\/www.conversasdocoracao.com.br\/blog\/?p=1725"},"modified":"2020-09-23T20:13:21","modified_gmt":"2020-09-23T23:13:21","slug":"cala-a-boca-necessidade-de-falar-demais-rascunho","status":"publish","type":"post","link":"https:\/\/www.conversasdocoracao.com.br\/blog\/2020\/09\/23\/cala-a-boca-necessidade-de-falar-demais-rascunho\/","title":{"rendered":"CALA A BOCA CARINA! (NECESSIDADE DE FALAR DEMAIS)."},"content":{"rendered":"<p>A festa de anivers\u00e1rio de Graciela, minha melhor amiga, foi programada h\u00e1 dois meses. Convidamos todas as amigas da nossa turma de psicologia e alguns alunos de outros cursos, amigos nossos tamb\u00e9m. A gente queria que tudo sa\u00edsse perfeito. Fechamos um espa\u00e7o bem moderninho, super bom astral, perto da faculdade. Facilitaria a ida da turma. Seria numa sexta feira, logo ap\u00f3s o termino das aulas. &#8220;Assim ningu\u00e9m faltaria&#8221;! Combinamos chegar em torno das onze e meia da noite. A excita\u00e7\u00e3o era grande. Contratamos at\u00e9 um conjunto musical. A ideia era animar o pessoal. Pouca conversa. Muita dan\u00e7a e tequila na cabe\u00e7a! Claro que a geladinha n\u00e3o ia faltar tamb\u00e9m. Sucos e batidas de variadas frutas. Ningu\u00e9m nem pensava em comer! L\u00f3gico que eu, como amiga da Graciela, corri atr\u00e1s de um delicioso bolo de chocolate, brigadeiros e mini salgados. Tudo perfeitamente organizado. Chegou a grande noite. Vesti o meu cl\u00e1ssico pretinho brilhante. Rasteirinha nos p\u00e9s pra dan\u00e7ar\u00a0 confort\u00e1vel, sem dor. Cheguei ao espa\u00e7o antes do pessoal. Queria conferir se estava tudo em ordem. Perto da meia noite come\u00e7ou a chegar um ou outro e de repente a casa foi ficando lotada. Alguns convidados levaram amigos novos e desconhecidos. Luzes lilases e negras na pista de dan\u00e7a. Risos e alegria. Vozes e gritinhos pr\u00f3prios do momento. Em meio a essa confus\u00e3o toda chega um amigo acompanhado de uma mo\u00e7a toda risonha e falante. Logo de in\u00edcio achei interessante o jeito dela. Pensei que poderia ser uma companhia animada. Fomos apresentadas. Nesse intervalo de tempo, meu amigo sumiu no meio da pista de dan\u00e7a. Fiquei s\u00f3 com Carina tentando dar aten\u00e7\u00e3o. Ela n\u00e3o conhecia ningu\u00e9m dali. Ficaria deslocada se a deixasse ali. Minha impress\u00e3o de in\u00edcio, de que ela era extrovertida e legal, aos poucos foi se desmanchando. Carina n\u00e3o parava de falar. Engatava uma conversa na outra. Dava a impress\u00e3o que ela nem respirava. Al\u00e9m do mais era meio grudenta. Sabe aquela sensa\u00e7\u00e3o de estar sendo sugada? Meio vampiresca! Fui tendo um mal estar crescente. Muito ruim. Ela n\u00e3o dava espa\u00e7o pra eu abrir a boca. Muito menos falar com ningu\u00e9m. Uma das convidadas tentou chegar perto de mim, meio brincando, tentando me puxar pra dan\u00e7a; Carina, imediatamente segurou o meu bra\u00e7o para eu n\u00e3o escapar. Foi hil\u00e1rio! Ao mesmo tempo que estava irritada, estava tamb\u00e9m com certa pena dela que tentava me agradar em tudo. Expressava um certo desespero que eu a deixasse sozinha no meio da festa. Fiquei numa situa\u00e7\u00e3o emocional ambivalente. Tenho esse problema. Sempre me coloco no lugar do outro. Naquele primeiro encontro, ela queria me contar tudo sobre sua vida. Senti, ali, que me despersonalizei. Fiquei nas m\u00e3os dela! At\u00e9 me convenceu a sentar numa mesa pr\u00f3xima a entrada, onde tinha menos barulho. Poderia ouvi-la melhor! Ela, falando, falando. Dava a impress\u00e3o que n\u00e3o pararia mais. &#8220;Parece que ela tinha congelado a minha express\u00e3o. Era meio diab\u00f3lico o que estava acontecendo. Logo comigo, que estava fazendo o curso de psicologia! Deixar-me envolver desta forma, sem reagir! Essa situa\u00e7\u00e3o durou eterna hora e meia. Me estranhei. N\u00e3o soube me defender da voracidade neur\u00f3tica daquela menina. Ela conseguiu me escravizar em sua compuls\u00e3o. Fiquei indignada comigo mesma pela minha impot\u00eancia e falta de atitude assertiva de lidar com aquela situa\u00e7\u00e3o. Se eu estava desconfort\u00e1vel, nada mais natural do que ter jogo de cintura para me livrar do que n\u00e3o estava gostando. Tudo terminou s\u00f3 na hora de cortar o bolo. Radicalmente fugi de Carina. At\u00e9 o fim da festa. Nem quis saber se ela ainda estava na l\u00e1. Medo que a dose se repetisse. Fui embora carregando aquela imagem ruim de toda essa experi\u00eancia. Ficou como um peso! Sorte que na segunda feira eu tinha supervis\u00e3o cl\u00ednica de casos que estava come\u00e7ando a atender. Fiz quest\u00e3o de comentar essa experi\u00eancia que tive com Carina. Minha experiente supervisora conduziu de forma que eu entendesse o porque prov\u00e1vel daquele comportamento. Deixou claro que era um tra\u00e7o forte do car\u00e1ter dela. Car\u00eancia muito grande. Necessidade de se auto afirmar e de ocupar espa\u00e7o. Provavelmente \u00e9 a forma que desenvolveu pra ser vista e valorizada. Insegura e baixa auto estima. Falar compulsivamente \u00e9 um tra\u00e7o de muita ansiedade. Busca para compensar experi\u00eancias emocionais mal resolvidas em sua hist\u00f3ria de vida. A supervisora deixou claro que essa era uma an\u00e1lise superficial, j\u00e1 que a paciente n\u00e3o estava presente para avalia\u00e7\u00e3o global de seu jeito de ser. Com certezas haveriam outros tra\u00e7os a serem investigados. Sai da supervis\u00e3o com uma nova sensa\u00e7\u00e3o em rela\u00e7\u00e3o a Carina. Fiquei meditando como os caminhos emocionais s\u00e3o determinantes para o nosso equil\u00edbrio mental e f\u00edsico. Como as pessoas ficam ancoradas em meio \u00e0s suas pr\u00f3prias neuroses, sem achar o caminho da liberta\u00e7\u00e3o de seu verdadeiro eu.\u00a0 Encobertas. Infelizes. V\u00e3o se aprofundando inconscientemente nesse desiquil\u00edbrio, cada vez mais. N\u00c3O SABEM COMO PEDIR SOCORRO!<\/p>\n","protected":false},"excerpt":{"rendered":"<p>A festa de anivers\u00e1rio de Graciela, minha melhor amiga, foi programada h\u00e1 dois meses. Convidamos todas as amigas da nossa turma de psicologia e alguns alunos de outros cursos, amigos nossos tamb\u00e9m. A gente queria que tudo sa\u00edsse perfeito. Fechamos um espa\u00e7o bem moderninho, super bom astral, perto da faculdade. Facilitaria a ida da turma. &hellip; <a href=\"https:\/\/www.conversasdocoracao.com.br\/blog\/2020\/09\/23\/cala-a-boca-necessidade-de-falar-demais-rascunho\/\" class=\"more-link\">Continue lendo<span class=\"screen-reader-text\"> &#8220;CALA A BOCA CARINA! (NECESSIDADE DE FALAR DEMAIS).&#8221;<\/span><\/a><\/p>\n","protected":false},"author":2,"featured_media":0,"comment_status":"open","ping_status":"open","sticky":false,"template":"","format":"standard","meta":[],"categories":[1],"tags":[],"_links":{"self":[{"href":"https:\/\/www.conversasdocoracao.com.br\/blog\/wp-json\/wp\/v2\/posts\/1725"}],"collection":[{"href":"https:\/\/www.conversasdocoracao.com.br\/blog\/wp-json\/wp\/v2\/posts"}],"about":[{"href":"https:\/\/www.conversasdocoracao.com.br\/blog\/wp-json\/wp\/v2\/types\/post"}],"author":[{"embeddable":true,"href":"https:\/\/www.conversasdocoracao.com.br\/blog\/wp-json\/wp\/v2\/users\/2"}],"replies":[{"embeddable":true,"href":"https:\/\/www.conversasdocoracao.com.br\/blog\/wp-json\/wp\/v2\/comments?post=1725"}],"version-history":[{"count":9,"href":"https:\/\/www.conversasdocoracao.com.br\/blog\/wp-json\/wp\/v2\/posts\/1725\/revisions"}],"predecessor-version":[{"id":1734,"href":"https:\/\/www.conversasdocoracao.com.br\/blog\/wp-json\/wp\/v2\/posts\/1725\/revisions\/1734"}],"wp:attachment":[{"href":"https:\/\/www.conversasdocoracao.com.br\/blog\/wp-json\/wp\/v2\/media?parent=1725"}],"wp:term":[{"taxonomy":"category","embeddable":true,"href":"https:\/\/www.conversasdocoracao.com.br\/blog\/wp-json\/wp\/v2\/categories?post=1725"},{"taxonomy":"post_tag","embeddable":true,"href":"https:\/\/www.conversasdocoracao.com.br\/blog\/wp-json\/wp\/v2\/tags?post=1725"}],"curies":[{"name":"wp","href":"https:\/\/api.w.org\/{rel}","templated":true}]}}