{"id":1820,"date":"2020-11-26T16:43:23","date_gmt":"2020-11-26T19:43:23","guid":{"rendered":"https:\/\/www.conversasdocoracao.com.br\/blog\/?p=1820"},"modified":"2020-11-26T19:34:49","modified_gmt":"2020-11-26T22:34:49","slug":"artur-se-revelou-o-lado-avesso","status":"publish","type":"post","link":"https:\/\/www.conversasdocoracao.com.br\/blog\/2020\/11\/26\/artur-se-revelou-o-lado-avesso\/","title":{"rendered":"ARTUR E O URSO! (O LADO AVESSO)."},"content":{"rendered":"<p>Crian\u00e7as em geral tem muita dificuldade em verbalizar conflitos e ang\u00fastias. Sofrem caladas! Expressam sentimentos atrav\u00e9s de sonhos ou por rea\u00e7\u00f5es emocionais e comportamentais, muitas vezes incompreendidas pelas pessoas que as cercam. Expressam-se, tamb\u00e9m, atrav\u00e9s de desenhos e joguinhos. Muitas vezes, apenas profissionais especializados em psicologia infantil conseguem interpretar e avaliar seus significados e s\u00edmbolos e os relacionar com o hist\u00f3rico emocional. Crian\u00e7as, dos sete aos doze anos, mais ou menos, se encontram no est\u00e1gio operacional concreto. Nessa fase desenvolver\u00e3o habilidades para solucionar problemas concretos. Existe defasagem nesse ciclo do desenvolvimento entre muitas crian\u00e7as. Nessas crian\u00e7as o aparato ps\u00edquico precisa de mais tempo para compreender no\u00e7\u00f5es exatas de tempo e espa\u00e7o em rela\u00e7\u00e3o \u00e0 realidade. T\u00eam nessa fase muita dificuldade para entender e integrar emocionalmente os fatos da vida. Muitas vezes essa dificuldade pode estar tamb\u00e9m relacionada com a imaturidade emocional decorrente de stress ou experi\u00eancias emocionais e educacionais destrutivas. Por isso a import\u00e2ncia de conhecer e compreender cada fase da crian\u00e7a. Um bom contato emocional e a percep\u00e7\u00e3o das necessidades infantis v\u00e3o ajudar no desenvolvimento de seres humanos mais saud\u00e1veis e equilibrados. Artur n\u00e3o teve a sorte de pertencer a uma fam\u00edlia bem estruturada psicologicamente. Grandes confus\u00f5es. Muitas brigas entre seus pais decorrentes de imaturidade. Eram dois apaixonados desmedidos. Ciumentos e rom\u00e2nticos. Viviam no mundo da fantasia enquanto a realidade cobrava atitude e enfrentamento. O buraco foi ficando intranspon\u00edvel. Dificuldades financeiras e emocionais foram se acumulando. Clima t\u00f3xico dentro de casa, cada vez maior. Artur, oito anos de idade, no meio desse tiroteio. N\u00e3o recebeu aten\u00e7\u00e3o nos momento em que precisava. N\u00e3o conseguia compreender as brigas e rupturas entre seus pais, que n\u00e3o o poupavam em momento algum. Isso foi gerando na crian\u00e7a inseguran\u00e7a e medo. Suas refer\u00eancias afetivas tiravam-lhe o ch\u00e3o constantemente. Os imaturos genitores n\u00e3o percebiam o mal que estavam causando ao filho e a eles mesmos. Como duas crian\u00e7as mimadas s\u00f3 percebiam o pr\u00f3prio umbigo. &#8220;Brincavam de casamento&#8221;! O desgaste na rela\u00e7\u00e3o ficou insustent\u00e1vel. Separaram-se. Artur cada vez mais inseguro. Nem o pai, nem a m\u00e3e percebiam o estado emocional da crian\u00e7a. Davam-lhe &#8220;alegria&#8221; atrav\u00e9s de presentes que conseguiam comprar. Muitos problemas crescendo. Ins\u00f4nia e agressividade acometendo o pequeno. Fam\u00edlia desintegrada. Aus\u00eancia afetiva. Grito de socorro! SONHO: Artur sonhou que tinha ido passear na floresta com sua m\u00e3e. Andavam entre as \u00e1rvores livremente, admirando tudo que a natureza oferecia. Fascinado, observava formigas nos caules transportando pedacinhos de folhas e de flores que caiam no ch\u00e3o ou que elas mesmas tinham tirado dos galhos. Num repente, surgiu um enorme urso preto. Sua m\u00e3e apavorada correu sem rumo, separando-se de Artur. Ele, por sua vez, num \u00edmpeto, correu desenfreadamente para o lado oposto ao que sua m\u00e3e tinha ido. Correu. Correu muito! Sem f\u00f4lego. Cansado. Esbaforido. Pernas bambas. Caiu no ch\u00e3o! O monstruoso urso se aproximou. Quando ia dar o golpe fatal, Artur acordou. Tremendo. Chorando. Chamando pelo pai. &#8220;Nesse sonho o menino expressa o seu cora\u00e7\u00e3o&#8221;! Vera, psic\u00f3loga infantil, esta visitando essa floresta\u00a0 de m\u00e3os dadas com o menino. Est\u00e3o atr\u00e1s do urso malvado que n\u00e3o deixa Artur dormir. &#8220;O pr\u00edncipe perdeu o seu reino&#8221;. Sua m\u00e3e? ANDA PERDIDA PELA FLORESTA!<\/p>\n","protected":false},"excerpt":{"rendered":"<p>Crian\u00e7as em geral tem muita dificuldade em verbalizar conflitos e ang\u00fastias. Sofrem caladas! Expressam sentimentos atrav\u00e9s de sonhos ou por rea\u00e7\u00f5es emocionais e comportamentais, muitas vezes incompreendidas pelas pessoas que as cercam. Expressam-se, tamb\u00e9m, atrav\u00e9s de desenhos e joguinhos. Muitas vezes, apenas profissionais especializados em psicologia infantil conseguem interpretar e avaliar seus significados e s\u00edmbolos &hellip; <a href=\"https:\/\/www.conversasdocoracao.com.br\/blog\/2020\/11\/26\/artur-se-revelou-o-lado-avesso\/\" class=\"more-link\">Continue lendo<span class=\"screen-reader-text\"> &#8220;ARTUR E O URSO! (O LADO AVESSO).&#8221;<\/span><\/a><\/p>\n","protected":false},"author":2,"featured_media":0,"comment_status":"open","ping_status":"open","sticky":false,"template":"","format":"standard","meta":[],"categories":[1],"tags":[],"_links":{"self":[{"href":"https:\/\/www.conversasdocoracao.com.br\/blog\/wp-json\/wp\/v2\/posts\/1820"}],"collection":[{"href":"https:\/\/www.conversasdocoracao.com.br\/blog\/wp-json\/wp\/v2\/posts"}],"about":[{"href":"https:\/\/www.conversasdocoracao.com.br\/blog\/wp-json\/wp\/v2\/types\/post"}],"author":[{"embeddable":true,"href":"https:\/\/www.conversasdocoracao.com.br\/blog\/wp-json\/wp\/v2\/users\/2"}],"replies":[{"embeddable":true,"href":"https:\/\/www.conversasdocoracao.com.br\/blog\/wp-json\/wp\/v2\/comments?post=1820"}],"version-history":[{"count":8,"href":"https:\/\/www.conversasdocoracao.com.br\/blog\/wp-json\/wp\/v2\/posts\/1820\/revisions"}],"predecessor-version":[{"id":1828,"href":"https:\/\/www.conversasdocoracao.com.br\/blog\/wp-json\/wp\/v2\/posts\/1820\/revisions\/1828"}],"wp:attachment":[{"href":"https:\/\/www.conversasdocoracao.com.br\/blog\/wp-json\/wp\/v2\/media?parent=1820"}],"wp:term":[{"taxonomy":"category","embeddable":true,"href":"https:\/\/www.conversasdocoracao.com.br\/blog\/wp-json\/wp\/v2\/categories?post=1820"},{"taxonomy":"post_tag","embeddable":true,"href":"https:\/\/www.conversasdocoracao.com.br\/blog\/wp-json\/wp\/v2\/tags?post=1820"}],"curies":[{"name":"wp","href":"https:\/\/api.w.org\/{rel}","templated":true}]}}