{"id":1880,"date":"2021-01-13T20:56:16","date_gmt":"2021-01-13T23:56:16","guid":{"rendered":"https:\/\/www.conversasdocoracao.com.br\/blog\/?p=1880"},"modified":"2021-01-13T20:56:16","modified_gmt":"2021-01-13T23:56:16","slug":"eu-nao-queria-ser-voce-aversao","status":"publish","type":"post","link":"https:\/\/www.conversasdocoracao.com.br\/blog\/2021\/01\/13\/eu-nao-queria-ser-voce-aversao\/","title":{"rendered":"EU N\u00c3O QUERIA SER VOC\u00ca! (AVERS\u00c3O)."},"content":{"rendered":"<p>Passos velozes. Determinados. Andava em passos largos pelas avenidas. Assim como uma louca. N\u00e3o enxergava as pessoas que cruzavam comigo. Pareciam fantasmas. Apenas sombras que atrapalhavam o meu caminho. Sentimentos conflitantes, queimando o meu peito. Precisava urgentemente me livrar daquela ang\u00fastia. Acelerava os passos. Cada vez mais r\u00e1pidos. Tentava correr da dor. Ela teria que ficar para tr\u00e1s. L\u00e1grimas presas emba\u00e7ando meus olhos. Cora\u00e7\u00e3o disparado. Boca seca. L\u00edngua grudada no c\u00e9u da boca. Ainda assim eu n\u00e3o conseguia diminuir a caminhada louca. Minhas pernas denunciando cansa\u00e7o. Come\u00e7aram a tremer. Um certo vazio invadindo o peito. Desiquil\u00edbrio energ\u00e9tico. Senti minhas for\u00e7as diminuindo. Parei de repente. Nem me dei conta que estava bem em frente ao &#8220;Parque dos P\u00e1ssaros&#8221;. Protagonista de tantas hist\u00f3rias felizes. At\u00e9 de trag\u00e9dias. Foi ali em frente \u00e0\u00a0 Fonte dos Amores que Cristina apunhalou o seu amor. Coitada. N\u00e3o suportou a dor da trai\u00e7\u00e3o. Presa em flagrante. N\u00e3o conseguiu\u00a0 usar o racional pra organizar o cora\u00e7\u00e3o. Ficou cega. &#8220;Integrar amor e emo\u00e7\u00e3o \u00e9 essencial&#8221;. Tenho certeza se tivesse pensado mais, n\u00e3o entraria em desatino.. Estragou sua vida por quem n\u00e3o a merecia. Burrice. Ouvi dizer que se arrependeu muito. Pesadelos todas as noites. N\u00e3o dava mais pra voltar atr\u00e1s. Essas lembran\u00e7as t\u00e3o fortes foram me transportando a outro canto da minha dor. Pensei:- Quanto sofrimento de gra\u00e7a! Parei. Sentei-me sobre o primeiro banco que avistei. Ainda molhado pela garoa que tinha acabado de cair. Minha cal\u00e7a jeans encharcou. Nem liguei. O frio do molhado na pele\u00a0 deu uma sensa\u00e7\u00e3o de vida. Meu corpo foi conversando com as sensa\u00e7\u00f5es no meio do caos emocional! Como a chuva tinha dado uma tr\u00e9gua, tirei o casaco. Nesse momento passou um sorveteiro:-Olha o sorvete caseiro! Pensei:- Porque n\u00e3o? Puxei uma nota da carteira molhada. Deliciei-me com o gostinho do morango. Fui ficando mais calma. Sensa\u00e7\u00e3o infantil\u00a0 a cada lambida. Periquitos e sabi\u00e1s cantando em coro entre os galhos das \u00e1rvores. Parece que aqueles p\u00e1ssaros n\u00e3o queriam me ver triste. Nem sei porque quis acreditar nisso. Me fez bem. Num instante at\u00e9 duvidei de mim. &#8220;Meu Deus ser\u00e1 que enlouqueci? Pensei logo-: Acho que n\u00e3o! Louco tem dificuldade de integrar raz\u00e3o com emo\u00e7\u00e3o. N\u00e3o est\u00e1 sendo o meu caso. Resgatei um pouco do meu equil\u00edbrio naquele momento. Sensa\u00e7\u00e3o de paz foi brotando. De encantamento. De prazer! Eu, meu sorvete e os p\u00e1ssaros orquestrando seu sons m\u00e1gicos. Foi terap\u00eautico! Reconheci que o universo oferece presentes inesperados. Basta reconhece-los. De repente tudo pode mudar. O sofrimento desaparecer. Por instantes esqueci da dor. Alonguei um pouco o corpo, mesmo ainda sentada. Parecia que tinha sa\u00eddo de uma luta. Muito dolorido! Estiquei as pernas, bra\u00e7os. Movimentei o pesco\u00e7o, levemente. Em c\u00edrculos. Suavemente. Nesse momento meu cora\u00e7\u00e3o se fez presente novamente. &#8220;Cora\u00e7\u00e3o e pesco\u00e7o&#8221;. Sensa\u00e7\u00e3o ambivalente. Amor e orgulho brigando por l\u00e1. Entregue a essas sensa\u00e7\u00f5es, distra\u00edda, tinha esquecido de tomar o sorvete .Derreteu por inteiro. Gotas de morango por todos os lados. Cal\u00e7a jeans, meus p\u00e9s. Tudo melado. &#8220;Sempre tive afli\u00e7\u00e3o de melado na pele&#8221;. Felizmente essa neurose n\u00e3o estava l\u00e1. N\u00e3o mexeu comigo. Meu cora\u00e7\u00e3o sorrateiro insistia em trazer lembran\u00e7as dolorosas de um passado recente. Elas foram se intensificando. Sensa\u00e7\u00e3o ruim. Novamente disritmia. Respira\u00e7\u00e3o acelerada. M\u00e3os geladas. Dor no peito. Medo de morrer. Sensa\u00e7\u00e3o de morrer. De pris\u00e3o! Insuport\u00e1vel. Precisava me livrar daquilo tudo. Ang\u00fastia d\u00f3i tanto! Num esfor\u00e7o, novamente,\u00a0 busquei olhar a realidade que me cercava. Precisava voltar \u00e0 raz\u00e3o. O instinto de sobreviv\u00eancia \u00e9 forte. Parte minha imersa na dor. Outra parte\u00a0 me chamando pra vida. Voltei meu olhar para o copinho vazio. O sorvete n\u00e3o existia mais. O copinho vazio e minha m\u00e3o melada pelo sorvete derretido. Num impulso infantil, comecei a lamber os dedos. Queria sentir de novo o gostinho do morango. Assim fiquei por alguns segundos. Quando levantei os olhos, uma menina de uns quatro anos de idade, tomava um sorvete tamb\u00e9m. Curiosa me observava. Expressava surpresa pela minha atitude. Generosa me ofereceu o seu sorvete.:- Quer? Esse seu gesto mobilizou sentimentos genu\u00ednos em mim. Sorrindo , agradeci. Recebi um lindo sorriso de volta. Ouvindo o chamado da m\u00e3e, jogou-me um beijo com a m\u00e3ozinha. Saiu correndo. Aquele pequeno vestido amarelo com sorriso cristalino, como num milagre, resgatou em mim sonhos escondidos pela vida. Foi t\u00e3o intenso! Percebi naquele momento\u00a0 uma radiografia da felicidade que eu buscava. Quantos resgastes eu devia ao meu cora\u00e7\u00e3o. A gente se engana muito nesta vida. &#8220;Quantas cebolas com casca lisa, bonita. Por dentro toda podre&#8221;. N\u00e3o se aproveita nada. Muitas vezes nos enganamos assim com pessoas. Eu me enganei! &#8220;As apar\u00eancias enganam. A sa\u00fade vem de dentro para fora. Atitudes expressam a sa\u00fade mental e o equil\u00edbrio. Bonitinhos e ordin\u00e1rios \u00e9 o que mais se tem por ai! Recado -: Hoje vou me escolher. Eu n\u00e3o quero voc\u00ea. N\u00e3o preciso mais de voc\u00ea. &#8220;EU N\u00c3O QUERIA SER VOC\u00ca&#8221;!<\/p>\n","protected":false},"excerpt":{"rendered":"<p>Passos velozes. Determinados. Andava em passos largos pelas avenidas. Assim como uma louca. N\u00e3o enxergava as pessoas que cruzavam comigo. Pareciam fantasmas. Apenas sombras que atrapalhavam o meu caminho. Sentimentos conflitantes, queimando o meu peito. Precisava urgentemente me livrar daquela ang\u00fastia. Acelerava os passos. Cada vez mais r\u00e1pidos. Tentava correr da dor. Ela teria que &hellip; <a href=\"https:\/\/www.conversasdocoracao.com.br\/blog\/2021\/01\/13\/eu-nao-queria-ser-voce-aversao\/\" class=\"more-link\">Continue lendo<span class=\"screen-reader-text\"> &#8220;EU N\u00c3O QUERIA SER VOC\u00ca! (AVERS\u00c3O).&#8221;<\/span><\/a><\/p>\n","protected":false},"author":2,"featured_media":0,"comment_status":"open","ping_status":"open","sticky":false,"template":"","format":"standard","meta":[],"categories":[1],"tags":[],"_links":{"self":[{"href":"https:\/\/www.conversasdocoracao.com.br\/blog\/wp-json\/wp\/v2\/posts\/1880"}],"collection":[{"href":"https:\/\/www.conversasdocoracao.com.br\/blog\/wp-json\/wp\/v2\/posts"}],"about":[{"href":"https:\/\/www.conversasdocoracao.com.br\/blog\/wp-json\/wp\/v2\/types\/post"}],"author":[{"embeddable":true,"href":"https:\/\/www.conversasdocoracao.com.br\/blog\/wp-json\/wp\/v2\/users\/2"}],"replies":[{"embeddable":true,"href":"https:\/\/www.conversasdocoracao.com.br\/blog\/wp-json\/wp\/v2\/comments?post=1880"}],"version-history":[{"count":1,"href":"https:\/\/www.conversasdocoracao.com.br\/blog\/wp-json\/wp\/v2\/posts\/1880\/revisions"}],"predecessor-version":[{"id":1881,"href":"https:\/\/www.conversasdocoracao.com.br\/blog\/wp-json\/wp\/v2\/posts\/1880\/revisions\/1881"}],"wp:attachment":[{"href":"https:\/\/www.conversasdocoracao.com.br\/blog\/wp-json\/wp\/v2\/media?parent=1880"}],"wp:term":[{"taxonomy":"category","embeddable":true,"href":"https:\/\/www.conversasdocoracao.com.br\/blog\/wp-json\/wp\/v2\/categories?post=1880"},{"taxonomy":"post_tag","embeddable":true,"href":"https:\/\/www.conversasdocoracao.com.br\/blog\/wp-json\/wp\/v2\/tags?post=1880"}],"curies":[{"name":"wp","href":"https:\/\/api.w.org\/{rel}","templated":true}]}}