{"id":1889,"date":"2021-01-19T17:46:00","date_gmt":"2021-01-19T20:46:00","guid":{"rendered":"https:\/\/www.conversasdocoracao.com.br\/blog\/?p=1889"},"modified":"2021-01-23T17:01:55","modified_gmt":"2021-01-23T20:01:55","slug":"sonho-recorrente-ancorada-na-adolescencia","status":"publish","type":"post","link":"https:\/\/www.conversasdocoracao.com.br\/blog\/2021\/01\/19\/sonho-recorrente-ancorada-na-adolescencia\/","title":{"rendered":"SONHO RECORRENTE! ( ANCORADA NA INF\u00c2NCIA\/ADOLESC\u00caNCIA)."},"content":{"rendered":"<p>Sabrina, vinte e nove anos, anda atormentada com um mesmo sonho h\u00e1 meses. Acorda angustiada e intrigada. Precisa entender que mensagens s\u00e3o essas de seu inconsciente. Sonho:- &#8220;Sabrina est\u00e1 num hotel de veraneio. Cinco estrelas. L\u00e1 tem tudo que gosta na vida. Comida boa. Divers\u00e3o. Beleza natural. Luxo. Pessoas interessantes. \u00daltimo dia de viagem. Est\u00e1 ansiosa e com dificuldade de arrumar as malas pra voltar. Suas irm\u00e3s\u00a0 j\u00e1 est\u00e3o com malas fechadas. Tudo pronto, pra irem ao aeroporto pegar o avi\u00e3o de volta. Sabrina n\u00e3o consegue juntar todas as suas coisas. Est\u00e1 tudo esparramado pelo quarto. Tem pe\u00e7as e objetos que n\u00e3o consegue achar. Dificuldades pra fechar as malas. Muito ansiosa ao sentir o tempo passando e as irm\u00e3s pressionando que ir\u00e3o perder o avi\u00e3o. Amea\u00e7as de deix\u00e1-la l\u00e1. Sozinha! Ambival\u00eancia:- &#8220;Necessidade de voltar para casa\/ Desejo de continuar no hotel.\u00a0 (Princ\u00edpio do prazer\/ princ\u00edpio da realidade!) Dificuldade de postergar o prazer e encarar a realidade.&#8221;. Trabalhando esse sonho com Sabrina e ouvindo sua hist\u00f3ria de vida, foi ficando claro a dificuldade que ela sente de encarar a vida de frente. &#8220;A realidade tem cara feia&#8221;. Se enquadrar e ter atitude de adulto diante da vida para ela \u00e9 assustador. Assim como uma crian\u00e7a, Carina persiste, ( muitas vezes inconsciente) em continuar no prazer. Sua hist\u00f3ria mostra que foi uma crian\u00e7a carente. Sanduiche entre duas irm\u00e3s. Sua m\u00e3e deu o m\u00e1ximo que pode. Tentou lhe dar o melhor. N\u00e3o foi o suficiente. Seu pai, constantemente ausente em situa\u00e7\u00f5es fundamentais. Sempre correndo atr\u00e1s de neg\u00f3cios. Sabrina ficou com um buraco nas rela\u00e7\u00f5es de afetos primordiais. N\u00e3o recebeu uma carga suficiente pra se auto estruturar emocionalmente. Extremamente sens\u00edvel. Reprimiu express\u00f5es de afeto e de contato afetivo. &#8221; Ningu\u00e9m d\u00e1 o que n\u00e3o tem&#8221;! Desenvolveu atitudes inseguras. Inapropriadas diante da realidade.\u00a0 Sua express\u00e3o verbal ficou limitada e imatura. Na inf\u00e2ncia e adolesc\u00eancia foi v\u00edtima de bullying na escola. Dificilmente fazia amigos. Menina extremamente boa e honesta. Honesta at\u00e9 demais! Contida. N\u00e3o percebia, muitas vezes, mal\u00edcias pr\u00f3prias da idade&#8221;. Dificuldade de se inserir no social. Muitas vezes era\u00a0 descartada da turma por isso. Restavam apenas e t\u00e3o somente suas duas irm\u00e3s, que nem sempre lhe acolhiam calorosamente. Tinham seus pr\u00f3prios interesses! O sonho recorrente teve in\u00edcio depois que iniciou um processo terap\u00eautico na tentativa de resgatar sua auto- estima e se entender melhor. Est\u00e1 sendo um grande suporte para alavancar e fazer emergir conte\u00fados emocionais incrustrados em seu peito. J\u00e1 consegue sentir sua menina interna chorosa e insegura, querendo se reabilitar ao momento de vida. Crescer e usufruir o que lhe \u00e9 de direito. N\u00c3O QUER MAIS SER LANTERNINHA DE NINGUEM!<\/p>\n<p>&nbsp;<\/p>\n","protected":false},"excerpt":{"rendered":"<p>Sabrina, vinte e nove anos, anda atormentada com um mesmo sonho h\u00e1 meses. Acorda angustiada e intrigada. Precisa entender que mensagens s\u00e3o essas de seu inconsciente. Sonho:- &#8220;Sabrina est\u00e1 num hotel de veraneio. Cinco estrelas. L\u00e1 tem tudo que gosta na vida. Comida boa. Divers\u00e3o. Beleza natural. Luxo. Pessoas interessantes. \u00daltimo dia de viagem. Est\u00e1 &hellip; <a href=\"https:\/\/www.conversasdocoracao.com.br\/blog\/2021\/01\/19\/sonho-recorrente-ancorada-na-adolescencia\/\" class=\"more-link\">Continue lendo<span class=\"screen-reader-text\"> &#8220;SONHO RECORRENTE! ( ANCORADA NA INF\u00c2NCIA\/ADOLESC\u00caNCIA).&#8221;<\/span><\/a><\/p>\n","protected":false},"author":2,"featured_media":0,"comment_status":"open","ping_status":"open","sticky":false,"template":"","format":"standard","meta":[],"categories":[1],"tags":[],"_links":{"self":[{"href":"https:\/\/www.conversasdocoracao.com.br\/blog\/wp-json\/wp\/v2\/posts\/1889"}],"collection":[{"href":"https:\/\/www.conversasdocoracao.com.br\/blog\/wp-json\/wp\/v2\/posts"}],"about":[{"href":"https:\/\/www.conversasdocoracao.com.br\/blog\/wp-json\/wp\/v2\/types\/post"}],"author":[{"embeddable":true,"href":"https:\/\/www.conversasdocoracao.com.br\/blog\/wp-json\/wp\/v2\/users\/2"}],"replies":[{"embeddable":true,"href":"https:\/\/www.conversasdocoracao.com.br\/blog\/wp-json\/wp\/v2\/comments?post=1889"}],"version-history":[{"count":8,"href":"https:\/\/www.conversasdocoracao.com.br\/blog\/wp-json\/wp\/v2\/posts\/1889\/revisions"}],"predecessor-version":[{"id":1910,"href":"https:\/\/www.conversasdocoracao.com.br\/blog\/wp-json\/wp\/v2\/posts\/1889\/revisions\/1910"}],"wp:attachment":[{"href":"https:\/\/www.conversasdocoracao.com.br\/blog\/wp-json\/wp\/v2\/media?parent=1889"}],"wp:term":[{"taxonomy":"category","embeddable":true,"href":"https:\/\/www.conversasdocoracao.com.br\/blog\/wp-json\/wp\/v2\/categories?post=1889"},{"taxonomy":"post_tag","embeddable":true,"href":"https:\/\/www.conversasdocoracao.com.br\/blog\/wp-json\/wp\/v2\/tags?post=1889"}],"curies":[{"name":"wp","href":"https:\/\/api.w.org\/{rel}","templated":true}]}}