{"id":1898,"date":"2021-01-20T13:42:51","date_gmt":"2021-01-20T16:42:51","guid":{"rendered":"https:\/\/www.conversasdocoracao.com.br\/blog\/?p=1898"},"modified":"2021-01-20T23:57:55","modified_gmt":"2021-01-21T02:57:55","slug":"sensacao-de-descartavel-constatacao-rascunho","status":"publish","type":"post","link":"https:\/\/www.conversasdocoracao.com.br\/blog\/2021\/01\/20\/sensacao-de-descartavel-constatacao-rascunho\/","title":{"rendered":"SENSA\u00c7AO DE DESCART\u00c1VEL! (RECADO)."},"content":{"rendered":"<p>Estranho. Muito estranho o que estou sentindo. \u00c9 como um divisor de \u00e1guas. Tudo mudou dentro de mim. Nada do que eu queria faz mais sentido. \u00c9 como se tivesse acordado no meio da escurid\u00e3o. Perdi as refer\u00eancias. Pior que n\u00e3o tenho a menor ideia de onde buscar motiva\u00e7\u00f5es para continuar. Por maiores que sejam as explica\u00e7\u00f5es do sucedido. N\u00e3o faz mais sentido! Elas caem no vazio da alma. N\u00e3o foi o fato em si. Foi a soma de toda uma vida! Foi a gota d&#8217;agua que faltava para transbordar no copo. &#8220;Voc\u00ea transbordou&#8221;! Nada ser\u00e1 como antes. Ultrapassou todos os limites da falta de \u00e9tica, respeito e considera\u00e7\u00e3o. Palavras s\u00e3o fracas diante de atitudes. Voc\u00ea ainda n\u00e3o percebeu isso? Tenho pena. Muita pena de voc\u00ea! Se perde em atitudes e gestos doentios achando que sou o rem\u00e9dio dispon\u00edvel sempre que precisar. Hoje eu me amo mais. Mudei a bula.\u00a0 Indica\u00e7\u00e3o:- EXCLUSIVO:- PESSOAS EQUILIBRADAS E FELIZES!<\/p>\n","protected":false},"excerpt":{"rendered":"<p>Estranho. Muito estranho o que estou sentindo. \u00c9 como um divisor de \u00e1guas. Tudo mudou dentro de mim. Nada do que eu queria faz mais sentido. \u00c9 como se tivesse acordado no meio da escurid\u00e3o. Perdi as refer\u00eancias. Pior que n\u00e3o tenho a menor ideia de onde buscar motiva\u00e7\u00f5es para continuar. Por maiores que sejam &hellip; <a href=\"https:\/\/www.conversasdocoracao.com.br\/blog\/2021\/01\/20\/sensacao-de-descartavel-constatacao-rascunho\/\" class=\"more-link\">Continue lendo<span class=\"screen-reader-text\"> &#8220;SENSA\u00c7AO DE DESCART\u00c1VEL! (RECADO).&#8221;<\/span><\/a><\/p>\n","protected":false},"author":2,"featured_media":0,"comment_status":"open","ping_status":"open","sticky":false,"template":"","format":"standard","meta":[],"categories":[1],"tags":[],"_links":{"self":[{"href":"https:\/\/www.conversasdocoracao.com.br\/blog\/wp-json\/wp\/v2\/posts\/1898"}],"collection":[{"href":"https:\/\/www.conversasdocoracao.com.br\/blog\/wp-json\/wp\/v2\/posts"}],"about":[{"href":"https:\/\/www.conversasdocoracao.com.br\/blog\/wp-json\/wp\/v2\/types\/post"}],"author":[{"embeddable":true,"href":"https:\/\/www.conversasdocoracao.com.br\/blog\/wp-json\/wp\/v2\/users\/2"}],"replies":[{"embeddable":true,"href":"https:\/\/www.conversasdocoracao.com.br\/blog\/wp-json\/wp\/v2\/comments?post=1898"}],"version-history":[{"count":8,"href":"https:\/\/www.conversasdocoracao.com.br\/blog\/wp-json\/wp\/v2\/posts\/1898\/revisions"}],"predecessor-version":[{"id":1906,"href":"https:\/\/www.conversasdocoracao.com.br\/blog\/wp-json\/wp\/v2\/posts\/1898\/revisions\/1906"}],"wp:attachment":[{"href":"https:\/\/www.conversasdocoracao.com.br\/blog\/wp-json\/wp\/v2\/media?parent=1898"}],"wp:term":[{"taxonomy":"category","embeddable":true,"href":"https:\/\/www.conversasdocoracao.com.br\/blog\/wp-json\/wp\/v2\/categories?post=1898"},{"taxonomy":"post_tag","embeddable":true,"href":"https:\/\/www.conversasdocoracao.com.br\/blog\/wp-json\/wp\/v2\/tags?post=1898"}],"curies":[{"name":"wp","href":"https:\/\/api.w.org\/{rel}","templated":true}]}}