{"id":1951,"date":"2021-02-11T17:19:18","date_gmt":"2021-02-11T20:19:18","guid":{"rendered":"https:\/\/www.conversasdocoracao.com.br\/blog\/?p=1951"},"modified":"2021-02-11T20:00:38","modified_gmt":"2021-02-11T23:00:38","slug":"quem-diria-controle-mental","status":"publish","type":"post","link":"https:\/\/www.conversasdocoracao.com.br\/blog\/2021\/02\/11\/quem-diria-controle-mental\/","title":{"rendered":"QUEM DIRIA? (CONTROLE MENTAL)."},"content":{"rendered":"<p>Tarde morna. Ver\u00e3o dando sinais de partida. Natureza abrindo as portas para o outono. Sentada na rede em frente ao mar, sentia o cheiro forte da maresia. As \u00e1guas do mar se revelavam em variados tons de azuis. Ondas incr\u00edveis se formavam. Quase dois metros. Convite aos surfistas. Inspirei fundo. Queria sentir a intensidade daquele aroma. &#8220;O mar me traz vida&#8221;! Fechei os olhos pesados de sono pela noite mal dormida. Doloridos de tanto chorar. Tentei focar os sentidos no aroma do\u00a0 mar. N\u00e3o queria pensar no pesadelo horr\u00edvel que tinha tido. N\u00e3o queria mesmo! &#8220;Viver duas vezes a mesma coisa ruim \u00e9 burrice. Insano! &#8220;Aprendi que estou na vida onde minha cabe\u00e7a me coloca&#8221;. Balancei um pouco mais forte a rede. Queria desviar os pensamentos. As cenas do pesadelo insistiam. Eu tentando sair delas. N\u00e3o queria continuar naquela ang\u00fastia absurda. O pesadelo foi t\u00e3o claro! Impulsionei a rede um pouquinho mais! O vai e vem. O cheiro do mar. Sensa\u00e7\u00f5es foram mudando dentro de mim. Envolvendo mais e mais os meus sentidos. Enquanto isso, brigava comigo mesma. &#8220;Precisava aprender a n\u00e3o me ancorar mentalmente naquilo que faz mal&#8221;. Queria muito conseguir mudar rumos mentais. Eram tantos os pensamentos ruins ultimamente! Resolvi tentar. Iniciei um exerc\u00edcio que aprendi na medita\u00e7\u00e3o. &#8220;Contar at\u00e9 dez. Nenhum pensamento deveria atravessar a mente&#8221;. Se isso acontecesse, reiniciar a contagem. (Esse exerc\u00edcio trabalha a paci\u00eancia, limpeza e controle mental). Nem sei quantas vezes retomei a contagem naquele dia. At\u00e9 que adormeci. Acordei duas horas mais tarde sendo beijada freneticamente pelos meus amores peludos. (Tinham ido caminhar na praia com o cuidador deles). Eles detestam me ver dormindo. Sempre que podiam me acordavam. Despertei com bom humor. Nem me reconheci! Sensa\u00e7\u00e3o de vida. Sentia-me incrivelmente bem. Nessa bagun\u00e7a de afagos e sons de carinhos,\u00a0 sai da rede. Peguei\u00a0 meu viol\u00e3o. Dedilhei uma can\u00e7\u00e3o. &#8220;COME\u00c7AR DE NOVO&#8221;!<\/p>\n","protected":false},"excerpt":{"rendered":"<p>Tarde morna. Ver\u00e3o dando sinais de partida. Natureza abrindo as portas para o outono. Sentada na rede em frente ao mar, sentia o cheiro forte da maresia. As \u00e1guas do mar se revelavam em variados tons de azuis. Ondas incr\u00edveis se formavam. Quase dois metros. Convite aos surfistas. Inspirei fundo. Queria sentir a intensidade daquele &hellip; <a href=\"https:\/\/www.conversasdocoracao.com.br\/blog\/2021\/02\/11\/quem-diria-controle-mental\/\" class=\"more-link\">Continue lendo<span class=\"screen-reader-text\"> &#8220;QUEM DIRIA? (CONTROLE MENTAL).&#8221;<\/span><\/a><\/p>\n","protected":false},"author":2,"featured_media":0,"comment_status":"open","ping_status":"open","sticky":false,"template":"","format":"standard","meta":[],"categories":[1],"tags":[],"_links":{"self":[{"href":"https:\/\/www.conversasdocoracao.com.br\/blog\/wp-json\/wp\/v2\/posts\/1951"}],"collection":[{"href":"https:\/\/www.conversasdocoracao.com.br\/blog\/wp-json\/wp\/v2\/posts"}],"about":[{"href":"https:\/\/www.conversasdocoracao.com.br\/blog\/wp-json\/wp\/v2\/types\/post"}],"author":[{"embeddable":true,"href":"https:\/\/www.conversasdocoracao.com.br\/blog\/wp-json\/wp\/v2\/users\/2"}],"replies":[{"embeddable":true,"href":"https:\/\/www.conversasdocoracao.com.br\/blog\/wp-json\/wp\/v2\/comments?post=1951"}],"version-history":[{"count":9,"href":"https:\/\/www.conversasdocoracao.com.br\/blog\/wp-json\/wp\/v2\/posts\/1951\/revisions"}],"predecessor-version":[{"id":1962,"href":"https:\/\/www.conversasdocoracao.com.br\/blog\/wp-json\/wp\/v2\/posts\/1951\/revisions\/1962"}],"wp:attachment":[{"href":"https:\/\/www.conversasdocoracao.com.br\/blog\/wp-json\/wp\/v2\/media?parent=1951"}],"wp:term":[{"taxonomy":"category","embeddable":true,"href":"https:\/\/www.conversasdocoracao.com.br\/blog\/wp-json\/wp\/v2\/categories?post=1951"},{"taxonomy":"post_tag","embeddable":true,"href":"https:\/\/www.conversasdocoracao.com.br\/blog\/wp-json\/wp\/v2\/tags?post=1951"}],"curies":[{"name":"wp","href":"https:\/\/api.w.org\/{rel}","templated":true}]}}