{"id":1963,"date":"2021-02-12T22:17:09","date_gmt":"2021-02-13T01:17:09","guid":{"rendered":"https:\/\/www.conversasdocoracao.com.br\/blog\/?p=1963"},"modified":"2021-02-13T19:13:48","modified_gmt":"2021-02-13T22:13:48","slug":"tormento-dos-sentidos-desejo","status":"publish","type":"post","link":"https:\/\/www.conversasdocoracao.com.br\/blog\/2021\/02\/12\/tormento-dos-sentidos-desejo\/","title":{"rendered":"TORMENTO DOS SENTIDOS! (DESEJO)"},"content":{"rendered":"<p>Vulc\u00e3o em erup\u00e7\u00e3o dentro de mim. Lavas quentes. Incandescentes. Queimam o peito. Sensa\u00e7\u00f5es confusas. Inst\u00e1veis. Deliciosa confus\u00e3o! Excita\u00e7\u00e3o! Entre pensamentos libidinosos e sentimentos primitivos sou ref\u00e9m dessa paix\u00e3o. Nada faz sentido a n\u00e3o ser essa sensa\u00e7\u00e3o. O meu corpo est\u00e1 enlouquecido. Meus poros transpiram gotas salgadas de felicidade. A barriga d\u00f3i. Cora\u00e7\u00e3o dispara do nada. Sou nada. Sou tudo! Come\u00e7o a dan\u00e7ar. Movimentos espont\u00e2neos brotam como se fizessem parte da minha coreografia interna. O ritmo n\u00e3o importa. Os movimentos v\u00eam das entranhas. Cabe\u00e7a gira em torno do pesco\u00e7o. Bra\u00e7os e pernas numa louca subida e descida me exaurindo de cansa\u00e7o. Giro. Giro, Giro! Fa\u00edscas queimando o ventre. Cora\u00e7\u00e3o na boca. Respira\u00e7\u00e3o ofegante. Como um \u00edndio em transe. Giro mais forte ainda. Chego ao meu limite. Jogo-me no tapete vermelho da sala onde voc\u00ea me enfeiti\u00e7ou. Sensa\u00e7\u00e3o de embriaguez. Como se eu tivesse bebido muitas ta\u00e7as de vinho. Fecho os olhos. Pensamentos em voc\u00ea. &#8220;Eu em voc\u00ea&#8221;! Viro a cabe\u00e7a no tapete macio. Seu forte cheiro. Nosso cheiro. NOSSA! ASSIM ENLOUQUE\u00c7O DE VEZ!<\/p>\n","protected":false},"excerpt":{"rendered":"<p>Vulc\u00e3o em erup\u00e7\u00e3o dentro de mim. Lavas quentes. Incandescentes. Queimam o peito. Sensa\u00e7\u00f5es confusas. Inst\u00e1veis. Deliciosa confus\u00e3o! Excita\u00e7\u00e3o! Entre pensamentos libidinosos e sentimentos primitivos sou ref\u00e9m dessa paix\u00e3o. Nada faz sentido a n\u00e3o ser essa sensa\u00e7\u00e3o. O meu corpo est\u00e1 enlouquecido. Meus poros transpiram gotas salgadas de felicidade. A barriga d\u00f3i. Cora\u00e7\u00e3o dispara do nada. &hellip; <a href=\"https:\/\/www.conversasdocoracao.com.br\/blog\/2021\/02\/12\/tormento-dos-sentidos-desejo\/\" class=\"more-link\">Continue lendo<span class=\"screen-reader-text\"> &#8220;TORMENTO DOS SENTIDOS! (DESEJO)&#8221;<\/span><\/a><\/p>\n","protected":false},"author":2,"featured_media":0,"comment_status":"open","ping_status":"open","sticky":false,"template":"","format":"standard","meta":[],"categories":[1],"tags":[],"_links":{"self":[{"href":"https:\/\/www.conversasdocoracao.com.br\/blog\/wp-json\/wp\/v2\/posts\/1963"}],"collection":[{"href":"https:\/\/www.conversasdocoracao.com.br\/blog\/wp-json\/wp\/v2\/posts"}],"about":[{"href":"https:\/\/www.conversasdocoracao.com.br\/blog\/wp-json\/wp\/v2\/types\/post"}],"author":[{"embeddable":true,"href":"https:\/\/www.conversasdocoracao.com.br\/blog\/wp-json\/wp\/v2\/users\/2"}],"replies":[{"embeddable":true,"href":"https:\/\/www.conversasdocoracao.com.br\/blog\/wp-json\/wp\/v2\/comments?post=1963"}],"version-history":[{"count":5,"href":"https:\/\/www.conversasdocoracao.com.br\/blog\/wp-json\/wp\/v2\/posts\/1963\/revisions"}],"predecessor-version":[{"id":1968,"href":"https:\/\/www.conversasdocoracao.com.br\/blog\/wp-json\/wp\/v2\/posts\/1963\/revisions\/1968"}],"wp:attachment":[{"href":"https:\/\/www.conversasdocoracao.com.br\/blog\/wp-json\/wp\/v2\/media?parent=1963"}],"wp:term":[{"taxonomy":"category","embeddable":true,"href":"https:\/\/www.conversasdocoracao.com.br\/blog\/wp-json\/wp\/v2\/categories?post=1963"},{"taxonomy":"post_tag","embeddable":true,"href":"https:\/\/www.conversasdocoracao.com.br\/blog\/wp-json\/wp\/v2\/tags?post=1963"}],"curies":[{"name":"wp","href":"https:\/\/api.w.org\/{rel}","templated":true}]}}