{"id":197,"date":"2017-03-21T17:36:47","date_gmt":"2017-03-21T19:36:47","guid":{"rendered":"https:\/\/www.conversasdocoracao.com.br\/blog\/?p=197"},"modified":"2019-03-31T23:03:18","modified_gmt":"2019-04-01T01:03:18","slug":"coracao-mexido","status":"publish","type":"post","link":"https:\/\/www.conversasdocoracao.com.br\/blog\/2017\/03\/21\/coracao-mexido\/","title":{"rendered":"CORA\u00c7\u00c3O MEXIDO (DIVAGA\u00c7\u00c3O)!"},"content":{"rendered":"<p>Tantos\u00a0acontecimentos tristes nos \u00faltimos tempos!\u00a0Como a vida \u00e9 ef\u00eamera! Enquanto estamos bem tudo parece eterno! Somos poderosos e fortes! A ideia da morte s\u00f3 transparece nos momentos de grandes perdas ou de grandes\u00a0perigos! Logo, tudo se acalma! Esquecemos! \u00c9 como se a amea\u00e7a n\u00e3o existisse mais! Pronto, voltamos\u00a0ao nosso narcisismo onipotente! Nesses \u00faltimos tempos o inevit\u00e1vel t\u00eam mostrado sua for\u00e7a e presen\u00e7a! Tantas pessoas pr\u00f3ximas se foram! Tantas est\u00e3o a caminho, bem pr\u00f3ximas do fim! Tantas caminhando!\u00a0Olho ao redor percebo\u00a0sorrisos\u00a0desintegrados do \u00a0emocional, sem a consci\u00eancia do &#8220;EU&#8221;!\u00a0Sem a\u00a0busca do\u00a0significado da vida! Refleti sobre o sentido que ela tem! O que realmente importa! Muitas vezes passa desapercebido.\u00a0A\u00a0alma, na maioria das vezes,\u00a0continua prisioneira de um corpo vazio! Sem contato com o peito! Sem contato com o cora\u00e7\u00e3o! Percebi tamb\u00e9m,\u00a0que a maioria das pessoas funcionam de duas formas, as que sofrem emocionalmente de uma maneira\u00a0 absurda e\u00a0as \u00a0que interagem no autom\u00e1tico,\u00a0s\u00f3 com fatos e\u00a0acontecimentos externos ! Como rob\u00f4s! Assim a\u00a0 vida vai passando! Importante pensar que\u00a0nossas escolhas\u00a0e busca de amadurecimento emocional determinam, em grande parte, a\u00a0profundidade e qualidade de um bom\u00a0viver! Saboreamos da vida, o gosto que damos \u00e0 ela\u00a0! E quanto a morte? Bem, talvez com uma alma bem nutrida, a morte seja menos assustadora e fa\u00e7a mais sentido!<\/p>\n","protected":false},"excerpt":{"rendered":"<p>Tantos\u00a0acontecimentos tristes nos \u00faltimos tempos!\u00a0Como a vida \u00e9 ef\u00eamera! Enquanto estamos bem tudo parece eterno! Somos poderosos e fortes! A ideia da morte s\u00f3 transparece nos momentos de grandes perdas ou de grandes\u00a0perigos! Logo, tudo se acalma! Esquecemos! \u00c9 como se a amea\u00e7a n\u00e3o existisse mais! Pronto, voltamos\u00a0ao nosso narcisismo onipotente! Nesses \u00faltimos tempos o &hellip; <a href=\"https:\/\/www.conversasdocoracao.com.br\/blog\/2017\/03\/21\/coracao-mexido\/\" class=\"more-link\">Continue lendo<span class=\"screen-reader-text\"> &#8220;CORA\u00c7\u00c3O MEXIDO (DIVAGA\u00c7\u00c3O)!&#8221;<\/span><\/a><\/p>\n","protected":false},"author":2,"featured_media":0,"comment_status":"open","ping_status":"open","sticky":false,"template":"","format":"standard","meta":[],"categories":[1],"tags":[],"_links":{"self":[{"href":"https:\/\/www.conversasdocoracao.com.br\/blog\/wp-json\/wp\/v2\/posts\/197"}],"collection":[{"href":"https:\/\/www.conversasdocoracao.com.br\/blog\/wp-json\/wp\/v2\/posts"}],"about":[{"href":"https:\/\/www.conversasdocoracao.com.br\/blog\/wp-json\/wp\/v2\/types\/post"}],"author":[{"embeddable":true,"href":"https:\/\/www.conversasdocoracao.com.br\/blog\/wp-json\/wp\/v2\/users\/2"}],"replies":[{"embeddable":true,"href":"https:\/\/www.conversasdocoracao.com.br\/blog\/wp-json\/wp\/v2\/comments?post=197"}],"version-history":[{"count":14,"href":"https:\/\/www.conversasdocoracao.com.br\/blog\/wp-json\/wp\/v2\/posts\/197\/revisions"}],"predecessor-version":[{"id":939,"href":"https:\/\/www.conversasdocoracao.com.br\/blog\/wp-json\/wp\/v2\/posts\/197\/revisions\/939"}],"wp:attachment":[{"href":"https:\/\/www.conversasdocoracao.com.br\/blog\/wp-json\/wp\/v2\/media?parent=197"}],"wp:term":[{"taxonomy":"category","embeddable":true,"href":"https:\/\/www.conversasdocoracao.com.br\/blog\/wp-json\/wp\/v2\/categories?post=197"},{"taxonomy":"post_tag","embeddable":true,"href":"https:\/\/www.conversasdocoracao.com.br\/blog\/wp-json\/wp\/v2\/tags?post=197"}],"curies":[{"name":"wp","href":"https:\/\/api.w.org\/{rel}","templated":true}]}}