{"id":1981,"date":"2021-02-18T23:52:55","date_gmt":"2021-02-19T02:52:55","guid":{"rendered":"https:\/\/www.conversasdocoracao.com.br\/blog\/?p=1981"},"modified":"2021-02-19T20:29:38","modified_gmt":"2021-02-19T23:29:38","slug":"minha-relacao-com-o-tempo-sabor-agridoce","status":"publish","type":"post","link":"https:\/\/www.conversasdocoracao.com.br\/blog\/2021\/02\/18\/minha-relacao-com-o-tempo-sabor-agridoce\/","title":{"rendered":"MINHA RELA\u00c7\u00c3O COM O TEMPO! (SABOR AGRIDOCE)."},"content":{"rendered":"<p>Quem entende de sabores pode entender sobre o tempo. Ele, mais que tudo, oferece uma diversidade incr\u00edvel deles. Sentada numa poltrona branca e macia, na sala de estar, em frente \u00e0 lareira acesa, deliciosamente aconchegante, comecei a pensar na vida. Tantas hist\u00f3rias que nos deixam doces saudades. Outras nem tanto. Fugimos de seu amargor. Ou\u00e7o ao fundo Mozart. Esse som me remonta a sensa\u00e7\u00f5es muito ambivalentes. Me entrego. Viajo nesse tempo. De repente estou com quatro anos de idade. Deitada, com a cabe\u00e7a no colo da minha m\u00e3e. Como se fosse agora, ou\u00e7o meu pai tocar\u00a0 piano. Mozart! Adorava ouvi-lo. Sensa\u00e7\u00e3o de felicidade. &#8220;Meu pai e seu piano&#8221;. Sala com ampla varanda. Iluminada pelo sol daquela tarde de primavera. Roseiras floridas. Coloridas! Vermelhas. Brancas e amarelas. Muitas margaridas pelo jardim. Tinha at\u00e9 amores perfeitos. T\u00e3o perfeitos! Como o amor fortalece&#8230; Sou gigante nesse momento. Fonte de afeto \u00e9 imprescind\u00edvel ao cora\u00e7\u00e3o! Distra\u00edda nas lembran\u00e7as e sensa\u00e7\u00f5es, de repente levo um susto. Meu gato angor\u00e1 branco, pula para o meu colo. Abruptamente. Imediatamente retorno ao momento presente. Nem deu tempo de me despedir daquela energia t\u00e3o boa. Daquela saudade tremenda. Abandonei meus pais e o som do piano, por causa do Nino. Meu lindo gato angor\u00e1. Senti uma raiva repentina, mas passageira. Pensei:- Poxa. logo agora, Nino? Devia ser mais criativo e ter ido brincar com\u00a0 borboletas no jardim. Quem sabe tirar uma soneca na caminha nova que ganhou. Mas n\u00e3o tem jeito, Nino \u00e9 mesmo assim. Eu o amo de qualquer forma. Sua presen\u00e7a sempre me alegra. \u00c9 dele esse comportamento. N\u00e3o consegue me ver quietinha. Acho que tem medo de me perder. Amor \u00e9 assim mesmo! Ele \u00e9 ciumento. Me quer inteira. S\u00f3 pra ele. V\u00ea se pode? Ele n\u00e3o me divide nem com meus amigos. Fica irritado, arisco. Eri\u00e7a os\u00a0 lindos pelos longos. Parece mais um ouri\u00e7o. Um lindo ouri\u00e7o branco. T\u00e3o matreiro! Nem consigo dar bronca nele quando faz\u00a0 suas artes. Adora comer rosas do jardim. Gato vegetariano, esse meu! N\u00e3o gosta de carne. Come alface, tomate e banana. \u00c9 um banquete pra ele. Quando quer algo mia muito alto. Parece at\u00e9 um choro. N\u00e3o um miado. Olhando esse meu filho felino, entregue em meu colo, deslizo os dedos entre seus pelos macios. Sinto uma energia revigorante circular em mim. Seus olhos azuis insistem em olhar em meus olhos.\u00a0 Transmitem contato de afeto e carinho. Assim como uma crian\u00e7a. Me perco naquele azul. O vento que vem da varanda traz, com ele, um aroma incr\u00edvel de caf\u00e9, vindo da cozinha. Come\u00e7a a se espalhar pela sala inteira. S\u00f3 de imaginar o delicioso sabor, d\u00e1 \u00e1gua na boca! A campainha tocou. QUEM SER\u00c1? S\u00c3O TANTOS OS SABORES!<\/p>\n","protected":false},"excerpt":{"rendered":"<p>Quem entende de sabores pode entender sobre o tempo. Ele, mais que tudo, oferece uma diversidade incr\u00edvel deles. Sentada numa poltrona branca e macia, na sala de estar, em frente \u00e0 lareira acesa, deliciosamente aconchegante, comecei a pensar na vida. Tantas hist\u00f3rias que nos deixam doces saudades. Outras nem tanto. Fugimos de seu amargor. Ou\u00e7o &hellip; <a href=\"https:\/\/www.conversasdocoracao.com.br\/blog\/2021\/02\/18\/minha-relacao-com-o-tempo-sabor-agridoce\/\" class=\"more-link\">Continue lendo<span class=\"screen-reader-text\"> &#8220;MINHA RELA\u00c7\u00c3O COM O TEMPO! (SABOR AGRIDOCE).&#8221;<\/span><\/a><\/p>\n","protected":false},"author":2,"featured_media":0,"comment_status":"open","ping_status":"open","sticky":false,"template":"","format":"standard","meta":[],"categories":[1],"tags":[],"_links":{"self":[{"href":"https:\/\/www.conversasdocoracao.com.br\/blog\/wp-json\/wp\/v2\/posts\/1981"}],"collection":[{"href":"https:\/\/www.conversasdocoracao.com.br\/blog\/wp-json\/wp\/v2\/posts"}],"about":[{"href":"https:\/\/www.conversasdocoracao.com.br\/blog\/wp-json\/wp\/v2\/types\/post"}],"author":[{"embeddable":true,"href":"https:\/\/www.conversasdocoracao.com.br\/blog\/wp-json\/wp\/v2\/users\/2"}],"replies":[{"embeddable":true,"href":"https:\/\/www.conversasdocoracao.com.br\/blog\/wp-json\/wp\/v2\/comments?post=1981"}],"version-history":[{"count":7,"href":"https:\/\/www.conversasdocoracao.com.br\/blog\/wp-json\/wp\/v2\/posts\/1981\/revisions"}],"predecessor-version":[{"id":1989,"href":"https:\/\/www.conversasdocoracao.com.br\/blog\/wp-json\/wp\/v2\/posts\/1981\/revisions\/1989"}],"wp:attachment":[{"href":"https:\/\/www.conversasdocoracao.com.br\/blog\/wp-json\/wp\/v2\/media?parent=1981"}],"wp:term":[{"taxonomy":"category","embeddable":true,"href":"https:\/\/www.conversasdocoracao.com.br\/blog\/wp-json\/wp\/v2\/categories?post=1981"},{"taxonomy":"post_tag","embeddable":true,"href":"https:\/\/www.conversasdocoracao.com.br\/blog\/wp-json\/wp\/v2\/tags?post=1981"}],"curies":[{"name":"wp","href":"https:\/\/api.w.org\/{rel}","templated":true}]}}