{"id":2026,"date":"2021-03-08T15:27:33","date_gmt":"2021-03-08T18:27:33","guid":{"rendered":"https:\/\/www.conversasdocoracao.com.br\/blog\/?p=2026"},"modified":"2021-03-10T22:27:20","modified_gmt":"2021-03-11T01:27:20","slug":"cardapio-da-vida-livre-escolha","status":"publish","type":"post","link":"https:\/\/www.conversasdocoracao.com.br\/blog\/2021\/03\/08\/cardapio-da-vida-livre-escolha\/","title":{"rendered":"CARD\u00c1PIO DA VIDA! (LIVRE ARB\u00cdTRIO)."},"content":{"rendered":"<p><span style=\"font-size: 14pt;\"><span style=\"font-family: Karla;\">Existem<\/span> infind\u00e1veis formas de ser e estar na nossa exist\u00eancia. A escolha\u00a0 depende de cada um. Algumas vezes do destino! Sempre que for preciso ter\u00e1 um jeitinho certo de melhorar roteiros e bagun\u00e7as. A vida oferece farto banquete. Pratos deliciosos. Muitos enganam. Aparentemente atraentes, mas nocivos \u00e0 sa\u00fade como um todo. Tem pra todos os gostos! Alimentar-se do prato errado ou comer demais \u00e9 indigesto. \u00c9 necess\u00e1rio bom senso e limites.\u00a0 Atitudes e escolhas definem a qualidade de\u00a0 vida. Saber escolher \u00e9 uma arte! &#8220;N\u00e3o d\u00e1 pra ser tudo. Nem ter tudo&#8221;. A\u00a0 forma de viver voraz, desequilibra e intoxica\u00a0 irremediavelmente o organismo. Sabota a sa\u00fade mental e f\u00edsica, isolando o\u00a0 ser humano de si mesmo. A vida n\u00e3o perdoa essas sabotagens! Ela tem seu ritmo. Exige respeito. Cada momento tem energia pr\u00f3pria\u00a0 e m\u00faltiplas possibilidades\u00a0 Atropelar esses momentos destr\u00f3i lentamente o\u00a0 equil\u00edbrio vital. Caminho certeiro \u00e9\u00a0 focar nas sensa\u00e7\u00f5es e escolhas poss\u00edveis.\u00a0 Administrar\u00a0 com seguran\u00e7a e equil\u00edbrio cada passo dos desejos, escolhas e constru\u00e7\u00f5es. A natureza\u00a0 \u00e9 sabia e generosa; sabe acolher sem discrimina\u00e7\u00e3o. Desde o mais simples ao mais fortalecido, independendo do g\u00eanero ou status social. &#8220;Todos s\u00e3o iguais diante da natureza&#8221;! Cada ser, de alguma forma, pode encontrar possibilidade de crescimento e fortalecer o seu eu. Em psicologia se aprende que precisamos fortalecer as pernas, o quanto poss\u00edvel. Essa estrutura est\u00e1 diretamente ligada a integra\u00e7\u00e3o mente-corpo. &#8220;O ps\u00edquico integrado ao emocional \u00e9 o respons\u00e1vel por essa for\u00e7a&#8221;.\u00a0 (N\u00e3o perca suas pernas)! O universo oferece oportunidades aos que buscam essa integra\u00e7\u00e3o. N\u00e3o importam limita\u00e7\u00f5es existentes. Dentro do seu espa\u00e7o e tempo \u00e9 poss\u00edvel lutar, evoluir ou fazer resgates salutares. Nesse aspecto,\u00a0 auto conhecimento traduz grandes descobertas.\u00a0 Com ele fica mais f\u00e1cil encontrar e saborear o alimento desejado. &#8220;Tra\u00e7ar o pr\u00f3prio caminho atrav\u00e9s de boas escolhas&#8221;! Obst\u00e1culos sempre v\u00e3o existir! O enfrentamento diante das circunst\u00e2ncias \u00e9 essencial &#8211;\u00a0 desenvolve for\u00e7a e revitaliza a alma. Auto imagem fortalecida\u00a0 funciona\u00a0 como uma mola propulsora para o fortalecimento do ego. &#8220;S\u00f3 monta no cavalo dourado quem tem determina\u00e7\u00e3o e coragem&#8221;. Abrir o peito. Respirar fundo. Coluna ereta. Postura saud\u00e1vel pra conduzir esse cavalo. Imprescind\u00edvel que essa condu\u00e7\u00e3o seja coerente com o\u00a0 cora\u00e7\u00e3o e o mental. A valoriza\u00e7\u00e3o do MOMENTO PRESENTE\u00a0 amplia a consci\u00eancia. \u00c9 o ponto de partida que\u00a0 pode ser um instrumento mental transformador. A vida \u00e9 a soma desses momentos. Livre arb\u00edtrio com responsabilidade expande a consci\u00eancia e a fortalece. A GRANDE\u00a0 GESTALT DA VIDA \u00c9 SER FELIZ!<\/span><\/p>\n<p><span style=\"font-size: 14pt;\">_ &#8221; Viver o aqui e\u00a0 o agora&#8221; passos firmes na constru\u00e7\u00e3o saud\u00e1vel do amanh\u00e3!\u00a0 (Teoria da Gestalt estuda a percep\u00e7\u00e3o e a sensa\u00e7\u00e3o do movimento. Amplia\u00e7\u00e3o da consci\u00eancia pessoal). A\u00a0 Gestalt enfatiza o auto conhecimento e o crescimento pessoal, focando no homem e em suas percep\u00e7\u00f5es do presente, como capacidade de se auto gerir e regular.<\/span><\/p>\n","protected":false},"excerpt":{"rendered":"<p>Existem infind\u00e1veis formas de ser e estar na nossa exist\u00eancia. A escolha\u00a0 depende de cada um. Algumas vezes do destino! Sempre que for preciso ter\u00e1 um jeitinho certo de melhorar roteiros e bagun\u00e7as. A vida oferece farto banquete. Pratos deliciosos. Muitos enganam. Aparentemente atraentes, mas nocivos \u00e0 sa\u00fade como um todo. Tem pra todos os &hellip; <a href=\"https:\/\/www.conversasdocoracao.com.br\/blog\/2021\/03\/08\/cardapio-da-vida-livre-escolha\/\" class=\"more-link\">Continue lendo<span class=\"screen-reader-text\"> &#8220;CARD\u00c1PIO DA VIDA! (LIVRE ARB\u00cdTRIO).&#8221;<\/span><\/a><\/p>\n","protected":false},"author":2,"featured_media":0,"comment_status":"closed","ping_status":"closed","sticky":false,"template":"","format":"standard","meta":[],"categories":[1],"tags":[],"_links":{"self":[{"href":"https:\/\/www.conversasdocoracao.com.br\/blog\/wp-json\/wp\/v2\/posts\/2026"}],"collection":[{"href":"https:\/\/www.conversasdocoracao.com.br\/blog\/wp-json\/wp\/v2\/posts"}],"about":[{"href":"https:\/\/www.conversasdocoracao.com.br\/blog\/wp-json\/wp\/v2\/types\/post"}],"author":[{"embeddable":true,"href":"https:\/\/www.conversasdocoracao.com.br\/blog\/wp-json\/wp\/v2\/users\/2"}],"replies":[{"embeddable":true,"href":"https:\/\/www.conversasdocoracao.com.br\/blog\/wp-json\/wp\/v2\/comments?post=2026"}],"version-history":[{"count":14,"href":"https:\/\/www.conversasdocoracao.com.br\/blog\/wp-json\/wp\/v2\/posts\/2026\/revisions"}],"predecessor-version":[{"id":2094,"href":"https:\/\/www.conversasdocoracao.com.br\/blog\/wp-json\/wp\/v2\/posts\/2026\/revisions\/2094"}],"wp:attachment":[{"href":"https:\/\/www.conversasdocoracao.com.br\/blog\/wp-json\/wp\/v2\/media?parent=2026"}],"wp:term":[{"taxonomy":"category","embeddable":true,"href":"https:\/\/www.conversasdocoracao.com.br\/blog\/wp-json\/wp\/v2\/categories?post=2026"},{"taxonomy":"post_tag","embeddable":true,"href":"https:\/\/www.conversasdocoracao.com.br\/blog\/wp-json\/wp\/v2\/tags?post=2026"}],"curies":[{"name":"wp","href":"https:\/\/api.w.org\/{rel}","templated":true}]}}