{"id":2123,"date":"2021-03-13T18:01:32","date_gmt":"2021-03-13T21:01:32","guid":{"rendered":"https:\/\/www.conversasdocoracao.com.br\/blog\/?p=2123"},"modified":"2021-03-13T19:33:21","modified_gmt":"2021-03-13T22:33:21","slug":"o-sonho-da-cinderela-resolucao","status":"publish","type":"post","link":"https:\/\/www.conversasdocoracao.com.br\/blog\/2021\/03\/13\/o-sonho-da-cinderela-resolucao\/","title":{"rendered":"O SONHO DA CINDERELA! (RESOLU\u00c7\u00c3O)."},"content":{"rendered":"<p><span style=\"font-size: 14pt;\">Como nas fantasias, ela \u00e9 linda. Pele de porcelana. Sorriso aberto e franco. Luz intensa no olhar.\u00a0 Altivez na postura, voz doce. Suave e meiga. Quando precisa, sabe ser incisiva e firme. Sua presen\u00e7a traz a energia da paz.\u00a0 Quando pequena, muito traquina. Haja traquinagem! Subia nas \u00e1rvores com a agilidade dos macaquinhos. Um tanto silenciosa. O seu mundo devia ser muito encantado!\u00a0 Sempre brincando sozinha. Cresceu com sua beleza. &#8220;Bela e sens\u00edvel&#8221;! Transformou-se numa linda mulher-menina. Express\u00e3o infantil, delicada e carente. A vida lhe trouxe amarguras! Por ignor\u00e2ncia ou ego\u00edsmo, seus pais, sua fam\u00edlia , n\u00e3o souberam lidar com a imensa sensibilidade daquela crian\u00e7a. Ela n\u00e3o recebeu o quinh\u00e3o justo de afeto e aten\u00e7\u00e3o que merecia. N\u00e3o souberam entender a crian\u00e7a calada que gostava de ficar isolada em seu mundinho fantasioso. Todos os sentimentos que n\u00e3o foram expressos e ficaram blindados em seu peito.\u00a0 A linda Cinderela sofreu sem acolhimento.\u00a0 Sem ter se sentido vista. Amarguras acumuladas ao longo da inf\u00e2ncia e adolesc\u00eancia. Essa mulher menina, ainda com\u00a0 olhos brilhantes, buscou terapia para entender melhor o seu cora\u00e7\u00e3o. Tem um sonho recorrente que est\u00e1 tirando o seu sono h\u00e1\u00a0 mais de um dois meses:- SONHO &#8211; Est\u00e1 deitada na cal\u00e7ada, na esquina\u00a0 da casa em que morava na adolesc\u00eancia. &#8220;Casa assobradada,\u00a0 confort\u00e1vel, ampla. Morou l\u00e1 durante a meninice at\u00e9 vinte e poucos anos &#8220;. Exposta na rua, n\u00e3o estava constrangida em ser criticada ou vista. Sentia-se bem. Libertada. Leve. Em outros sonhos, tamb\u00e9m recorrentes, ela estava sempre dentro da mesma casa, com suas irm\u00e3s e pais. Queria sair e n\u00e3o conseguia.\u00a0 Acordava sempre sufocada. Ao contr\u00e1rio, neste \u00faltimo sonho, a sensa\u00e7\u00e3o de liberdade por n\u00e3o se importar em estar fora da casa e n\u00e3o se preocupar com expectativas dos outros em rela\u00e7\u00e3o a ela mexeu em seu interno. Ficou ambivalente em alguns aspectos; no entanto, a for\u00e7a energ\u00e9tica de sentir-se feliz em manter-se no lugar que ela pr\u00f3pria escolhera foi salvadora.\u00a0 N\u00e3o se importar com cr\u00edtica e rejei\u00e7\u00e3o foi como sair de uma pris\u00e3o de seguran\u00e7a m\u00e1xima. &#8220;N\u00e3o quer continuar a ser ref\u00e9m de sua hist\u00f3ria&#8221;! O fato de sentir-se fora da casa, com tantos registros traum\u00e1ticos, respons\u00e1veis pela sua conten\u00e7\u00e3o emocional, foi sentido como um auto resgate da alma. De l\u00e1 para c\u00e1, muitas coisas est\u00e3o mudando em sua vida. Cinderela finalmente j\u00e1 pode chorar. Rir. gritar.\u00a0 Est\u00e1 deixando para tr\u00e1s a menina contida. J\u00e1 consegue entrar e sair da casa quando bem entende. TEM SUAS PROPRIAS CHAVES!<\/span><\/p>\n","protected":false},"excerpt":{"rendered":"<p>Como nas fantasias, ela \u00e9 linda. Pele de porcelana. Sorriso aberto e franco. Luz intensa no olhar.\u00a0 Altivez na postura, voz doce. Suave e meiga. Quando precisa, sabe ser incisiva e firme. Sua presen\u00e7a traz a energia da paz.\u00a0 Quando pequena, muito traquina. Haja traquinagem! Subia nas \u00e1rvores com a agilidade dos macaquinhos. Um tanto &hellip; <a href=\"https:\/\/www.conversasdocoracao.com.br\/blog\/2021\/03\/13\/o-sonho-da-cinderela-resolucao\/\" class=\"more-link\">Continue lendo<span class=\"screen-reader-text\"> &#8220;O SONHO DA CINDERELA! (RESOLU\u00c7\u00c3O).&#8221;<\/span><\/a><\/p>\n","protected":false},"author":2,"featured_media":0,"comment_status":"closed","ping_status":"closed","sticky":false,"template":"","format":"standard","meta":[],"categories":[1],"tags":[],"_links":{"self":[{"href":"https:\/\/www.conversasdocoracao.com.br\/blog\/wp-json\/wp\/v2\/posts\/2123"}],"collection":[{"href":"https:\/\/www.conversasdocoracao.com.br\/blog\/wp-json\/wp\/v2\/posts"}],"about":[{"href":"https:\/\/www.conversasdocoracao.com.br\/blog\/wp-json\/wp\/v2\/types\/post"}],"author":[{"embeddable":true,"href":"https:\/\/www.conversasdocoracao.com.br\/blog\/wp-json\/wp\/v2\/users\/2"}],"replies":[{"embeddable":true,"href":"https:\/\/www.conversasdocoracao.com.br\/blog\/wp-json\/wp\/v2\/comments?post=2123"}],"version-history":[{"count":5,"href":"https:\/\/www.conversasdocoracao.com.br\/blog\/wp-json\/wp\/v2\/posts\/2123\/revisions"}],"predecessor-version":[{"id":2128,"href":"https:\/\/www.conversasdocoracao.com.br\/blog\/wp-json\/wp\/v2\/posts\/2123\/revisions\/2128"}],"wp:attachment":[{"href":"https:\/\/www.conversasdocoracao.com.br\/blog\/wp-json\/wp\/v2\/media?parent=2123"}],"wp:term":[{"taxonomy":"category","embeddable":true,"href":"https:\/\/www.conversasdocoracao.com.br\/blog\/wp-json\/wp\/v2\/categories?post=2123"},{"taxonomy":"post_tag","embeddable":true,"href":"https:\/\/www.conversasdocoracao.com.br\/blog\/wp-json\/wp\/v2\/tags?post=2123"}],"curies":[{"name":"wp","href":"https:\/\/api.w.org\/{rel}","templated":true}]}}