{"id":2139,"date":"2021-03-22T16:10:02","date_gmt":"2021-03-22T19:10:02","guid":{"rendered":"https:\/\/www.conversasdocoracao.com.br\/blog\/?p=2139"},"modified":"2021-04-01T16:06:22","modified_gmt":"2021-04-01T19:06:22","slug":"carta-a-pedro-o-disfarcado-anulador-de-identidade","status":"publish","type":"post","link":"https:\/\/www.conversasdocoracao.com.br\/blog\/2021\/03\/22\/carta-a-pedro-o-disfarcado-anulador-de-identidade\/","title":{"rendered":"O SUFOCANTE PEDRO! ( ANULADOR DE IDENTIDADE)."},"content":{"rendered":"<p>Pedro, como pude me submeter a seus caprichos e vaidades por tanto tempo? Quando o conheci, n\u00e3o tinha ideia do quanto voc\u00ea era neur\u00f3tico. Constru\u00ed um castelo cor de rosa e voc\u00ea cabia l\u00e1 direitinho. Preenchia todos o espa\u00e7os dos sonhos e fantasias. Partimos juntos numa estrada com muitos percal\u00e7os e incr\u00edveis constru\u00e7\u00f5es. Constru\u00edmos vidas lindas. Perfeitas! Loira. Ruiva. morena. Quadros pintados por Deus enfeitando a vida. Ra\u00edzes fincadas em minhas v\u00edsceras pontuando sentimentos de todos tipos. Alguns devastadores outros t\u00e3o suaves! Al\u00e9m dos momentos intensos em que me sentia uma verdadeira fada. Para mim eles eram perfeitos. Pedro, como\u00a0 o amei! Pobre ing\u00eanua que fui. Confesso que eu era\u00a0 carente demais\u00a0 e envolvida com muito trabalho. N\u00e3o restava tempo pra auto questionamento. Nunca o trabalho me assustou! Assim constru\u00ed um mundo idealizado. Cuidar do ninho fazia parte do meu projeto de vida. Se n\u00e3o fosse seu jeito t\u00f3xico, camuflado, tudo estaria perfeito hoje. Mas seu comportamento n\u00e3o era t\u00e3o evidente assim. Vinha em doses homeop\u00e1ticas. Atitudes corrosivas devagarzinho minando o amor e admira\u00e7\u00e3o que sentia. Voc\u00ea s\u00f3\u00a0 competia comigo o tempo todo. Disputa constante. Queria ser o melhor em tudo. Sempre uma cr\u00edtica \u00e1cida em rela\u00e7\u00e3o a mim. &#8220;ATITUDES DEFINEM UMA PESSOA&#8221;. S\u00e3o determinantes. Palavras ficam jogadas ao vento! Custei a compreender isso. Acordei tarde demais. Quem sabe, l\u00e1 atr\u00e1s, no in\u00edcio de nossa rela\u00e7\u00e3o eu pudesse\u00a0 ter mudado rumos. Neguei a minha percep\u00e7\u00e3o. Talvez tenha sido uma defesa. Paci\u00eancia! Eu me perdoo. S\u00f3 busquei acertar! Sua atitude doente teve efeito cumulativo. Cansei de ser sufocada e engolida por voc\u00ea. Hoje, mais amadurecida e centrada admito que n\u00e3o d\u00e1 mais. Acabou. Chega! O que \u00e9 isso?\u00a0 Sufocar minha identidade, fraquejar minhas pernas? Sem\u00a0 nenhuma\u00a0 cumplicidade ou respeito. Se eu me submetesse \u00e0s suas vaidades, voc\u00ea era a melhor pessoa do mundo. Confesso que muitas vezes me sentia uma crian\u00e7a assustada, admitindo seu poder sobre mim. Que loucura! Decis\u00f5es importantes ou banais tudo era s\u00f3 com voc\u00ea. O soberano! L\u00e1 fora, no social, ningu\u00e9m imaginava esse seu comportamento doentio na intimidade. L\u00e1, voc\u00ea usava m\u00e1scaras. Lindas m\u00e1scaras! N\u00e3o foram poucas as vezes que o perdoei ao logo de tantos anos. Tampouco n\u00e3o foram poucas as vezes que chorei me prometendo abandon\u00e1-lo. A sua ambival\u00eancia confundia a minha cabe\u00e7a. Se eu fosse &#8220;boazinha&#8221;, nosso lar tinha paz. Voc\u00ea fazia comidinha e sexo gostoso. S\u00f3 o que importava era alimentar seu corpo e ego. Voc\u00ea era cego cara! Nunca viu minha alma. Muito menos meu cora\u00e7\u00e3o. Onde j\u00e1 se viu tratar uma companheira assim! No fundo voc\u00ea tem raiva de mulher. Desequilibrado \u00e9 o que voc\u00ea \u00e9. Narc\u00edsico! Ego inflado que acoberta fragilidade e Inseguran\u00e7a. Precisa de admira\u00e7\u00e3o o tempo todo. Dentro e fora de casa. Isso o enche de poder. S\u00f3 assim suas pernas ficam fortes para cavalgar na vida.. Inconscientemente\u00a0 sua alma pede socorro. Seu pedido est\u00e1 sendo atendido. Eu o liberto! Me liberto tamb\u00e9m. Se quiser voc\u00ea j\u00e1 pode ca\u00e7ar outras v\u00edtimas ou ent\u00e3o buscar entender o menino mal resolvido, mesquinho, que existe em seu cora\u00e7\u00e3o. Voc\u00ea quem decide. Quanto a mim? Tenho s\u00f3 uma certeza:- N\u00c3O TEREI MAIS TORCICOLOS!<\/p>\n","protected":false},"excerpt":{"rendered":"<p>Pedro, como pude me submeter a seus caprichos e vaidades por tanto tempo? Quando o conheci, n\u00e3o tinha ideia do quanto voc\u00ea era neur\u00f3tico. Constru\u00ed um castelo cor de rosa e voc\u00ea cabia l\u00e1 direitinho. Preenchia todos o espa\u00e7os dos sonhos e fantasias. Partimos juntos numa estrada com muitos percal\u00e7os e incr\u00edveis constru\u00e7\u00f5es. Constru\u00edmos vidas &hellip; <a href=\"https:\/\/www.conversasdocoracao.com.br\/blog\/2021\/03\/22\/carta-a-pedro-o-disfarcado-anulador-de-identidade\/\" class=\"more-link\">Continue lendo<span class=\"screen-reader-text\"> &#8220;O SUFOCANTE PEDRO! ( ANULADOR DE IDENTIDADE).&#8221;<\/span><\/a><\/p>\n","protected":false},"author":2,"featured_media":0,"comment_status":"closed","ping_status":"closed","sticky":false,"template":"","format":"standard","meta":[],"categories":[1],"tags":[],"_links":{"self":[{"href":"https:\/\/www.conversasdocoracao.com.br\/blog\/wp-json\/wp\/v2\/posts\/2139"}],"collection":[{"href":"https:\/\/www.conversasdocoracao.com.br\/blog\/wp-json\/wp\/v2\/posts"}],"about":[{"href":"https:\/\/www.conversasdocoracao.com.br\/blog\/wp-json\/wp\/v2\/types\/post"}],"author":[{"embeddable":true,"href":"https:\/\/www.conversasdocoracao.com.br\/blog\/wp-json\/wp\/v2\/users\/2"}],"replies":[{"embeddable":true,"href":"https:\/\/www.conversasdocoracao.com.br\/blog\/wp-json\/wp\/v2\/comments?post=2139"}],"version-history":[{"count":11,"href":"https:\/\/www.conversasdocoracao.com.br\/blog\/wp-json\/wp\/v2\/posts\/2139\/revisions"}],"predecessor-version":[{"id":2161,"href":"https:\/\/www.conversasdocoracao.com.br\/blog\/wp-json\/wp\/v2\/posts\/2139\/revisions\/2161"}],"wp:attachment":[{"href":"https:\/\/www.conversasdocoracao.com.br\/blog\/wp-json\/wp\/v2\/media?parent=2139"}],"wp:term":[{"taxonomy":"category","embeddable":true,"href":"https:\/\/www.conversasdocoracao.com.br\/blog\/wp-json\/wp\/v2\/categories?post=2139"},{"taxonomy":"post_tag","embeddable":true,"href":"https:\/\/www.conversasdocoracao.com.br\/blog\/wp-json\/wp\/v2\/tags?post=2139"}],"curies":[{"name":"wp","href":"https:\/\/api.w.org\/{rel}","templated":true}]}}