{"id":2163,"date":"2021-04-04T19:59:54","date_gmt":"2021-04-04T22:59:54","guid":{"rendered":"https:\/\/www.conversasdocoracao.com.br\/blog\/?p=2163"},"modified":"2021-04-05T16:25:29","modified_gmt":"2021-04-05T19:25:29","slug":"pes-descalcos-protecao-defesa","status":"publish","type":"post","link":"https:\/\/www.conversasdocoracao.com.br\/blog\/2021\/04\/04\/pes-descalcos-protecao-defesa\/","title":{"rendered":"P\u00c9S DESCAL\u00c7OS! ( PROTE\u00c7\u00c3O\/DEFESA)."},"content":{"rendered":"<p><span style=\"font-size: 14pt;\">Estava num bosque. Era noite de ver\u00e3o. Lua cheia clareava as \u00e1rvores e todo o ambiente ao redor. Mariposas voavam livremente, como dan\u00e7arinas ao luar. Encantavam com seus movimentos suaves e ritmados. Comecei a caminhar empurrando os galhos que cruzavam o caminho. Suspense. Um certo medo vinha das entranhas. Fantasias misturadas com realidade tornando o momento fascinante e assustador. Isso n\u00e3o impedia de continuar a me embrenhar cada vez mais no desconhecido. Buscava mist\u00e9rios e emo\u00e7\u00f5es! Fui andando. Passos vacilantes. Insistentes. Depois de algum tempo percebi que a claridade tinha diminu\u00eddo muito. Frio na barriga repentino. Parei! Ouvi um ru\u00eddo, como se fosse passos de algum animal grande. Paralisei! Pernas tremeram. Suor frio no rosto. M\u00e3os geladas.<\/span> <span style=\"font-size: 14pt;\">\u00a0Respira\u00e7\u00e3o contida, pra n\u00e3o emitir som algum. N\u00e3o podia chamar aten\u00e7\u00e3o. Fiquei assim, instintivamente, por alguns instantes. Cora\u00e7\u00e3o queria saltar pela boca! Na mente, pensamentos de auto sobreviv\u00eancia. Aqueles minutos pareciam intermin\u00e1veis! Ansiedade intensa se apoderou de mim. &#8220;Ansiosa e aflita&#8221;! Num repente senti uma dor ardida no p\u00e9 esquerdo. Aquela dor funcionou como uma &#8220;chamada para a realidade&#8221;. Consegui organizar minimamente os pensamentos.\u00a0 Foi a\u00ed que percebi que estava descal\u00e7a. Meu p\u00e9 come\u00e7ou a sangrar. Do\u00eda muito! Percebi que algum espinho pontudo o tinha espetado. Como uma crian\u00e7a, comecei a chorar. Chorei muito.\u00a0 Sangrava, sangue vermelho! Sentimentos misturados. Ambivalentes. Decidi interromper a caminhada. Comecei a retornar com passos lentos. Firmes! Protegendo o calcanhar esquerdo que do\u00eda muito se o colocasse no ch\u00e3o. Apoiava-me em alguns galhos quando a perna vacilava. Conforme fui retornando, a luz da lua foi retomando e clareando o bosque. Isso me energizou. Diminuiu o medo. Fui ficando mais tranquila, n\u00e3o fosse a dor no p\u00e9.\u00a0 O cora\u00e7\u00e3o se aliviando. Peito se abrindo. Finalmente reconheci onde me encontrava.\u00a0 Incr\u00edvel como fiquei mais segura. N\u00e3o me sentia mais perdida. Uf! Caminhei mais um pouco e encontrei o\u00a0 ponto de partida. L\u00e1 se encontravam os meus sapatos. &#8220;A luz da lua iluminava os meus sapatos vermelhos&#8221;! Estavam l\u00e1 me esperando. Apressei os passos em dire\u00e7\u00e3o a eles. Por alguns segundos at\u00e9 me esqueci do espinho no p\u00e9. S\u00f3 fui lembrar quando apoiei o calcanhar no ch\u00e3o. Sentei-me numa pedra cinza, e, sob a luz do luar, arranquei o espinho dolorido. Doeu um bocado. Aliviou tamb\u00e9m.\u00a0 Dei uns passos e fui lavar o machucado numa fonte ali pertinho. Assim que fui tentar colocar os sapatos, percebi um vulto se aproximando. Fiquei apreensiva. Estava tudo t\u00e3o deserto! Meio alerta e muito atenta. Qual nada! Quando o vulto se aproximou, revelou-se a figura com que mais sonhei.\u00a0 Parecia a hist\u00f3ria da Cinderela. Tinha a delicadeza pr\u00f3pria dos pr\u00edncipes de meus sonhos. Com um sorriso lindo em seu olhar, colocou os sapatos vermelhos em meus p\u00e9s! DEU-SE O ENCANTO&#8230; (ACORDEI COM O TELEFONE TOCANDO).<\/span><\/p>\n<p><span style=\"font-size: 14pt;\">SONHO\/Trazido por Lina Maria. Mo\u00e7a jovem, inteligente e sens\u00edvel, necessitando auto conhecimento e amplia\u00e7\u00e3o de consci\u00eancia. Terapeuticamente ser\u00e1 desenvolvido fortalecimento de sua rela\u00e7\u00e3o com a realidade, integrando-a aos seus sonhos e desejos, respeitando os seus limites.<\/span><\/p>\n","protected":false},"excerpt":{"rendered":"<p>Estava num bosque. Era noite de ver\u00e3o. Lua cheia clareava as \u00e1rvores e todo o ambiente ao redor. Mariposas voavam livremente, como dan\u00e7arinas ao luar. Encantavam com seus movimentos suaves e ritmados. Comecei a caminhar empurrando os galhos que cruzavam o caminho. Suspense. Um certo medo vinha das entranhas. Fantasias misturadas com realidade tornando o &hellip; <a href=\"https:\/\/www.conversasdocoracao.com.br\/blog\/2021\/04\/04\/pes-descalcos-protecao-defesa\/\" class=\"more-link\">Continue lendo<span class=\"screen-reader-text\"> &#8220;P\u00c9S DESCAL\u00c7OS! ( PROTE\u00c7\u00c3O\/DEFESA).&#8221;<\/span><\/a><\/p>\n","protected":false},"author":2,"featured_media":0,"comment_status":"closed","ping_status":"closed","sticky":false,"template":"","format":"standard","meta":[],"categories":[1],"tags":[],"_links":{"self":[{"href":"https:\/\/www.conversasdocoracao.com.br\/blog\/wp-json\/wp\/v2\/posts\/2163"}],"collection":[{"href":"https:\/\/www.conversasdocoracao.com.br\/blog\/wp-json\/wp\/v2\/posts"}],"about":[{"href":"https:\/\/www.conversasdocoracao.com.br\/blog\/wp-json\/wp\/v2\/types\/post"}],"author":[{"embeddable":true,"href":"https:\/\/www.conversasdocoracao.com.br\/blog\/wp-json\/wp\/v2\/users\/2"}],"replies":[{"embeddable":true,"href":"https:\/\/www.conversasdocoracao.com.br\/blog\/wp-json\/wp\/v2\/comments?post=2163"}],"version-history":[{"count":8,"href":"https:\/\/www.conversasdocoracao.com.br\/blog\/wp-json\/wp\/v2\/posts\/2163\/revisions"}],"predecessor-version":[{"id":2171,"href":"https:\/\/www.conversasdocoracao.com.br\/blog\/wp-json\/wp\/v2\/posts\/2163\/revisions\/2171"}],"wp:attachment":[{"href":"https:\/\/www.conversasdocoracao.com.br\/blog\/wp-json\/wp\/v2\/media?parent=2163"}],"wp:term":[{"taxonomy":"category","embeddable":true,"href":"https:\/\/www.conversasdocoracao.com.br\/blog\/wp-json\/wp\/v2\/categories?post=2163"},{"taxonomy":"post_tag","embeddable":true,"href":"https:\/\/www.conversasdocoracao.com.br\/blog\/wp-json\/wp\/v2\/tags?post=2163"}],"curies":[{"name":"wp","href":"https:\/\/api.w.org\/{rel}","templated":true}]}}