{"id":2173,"date":"2021-04-13T19:02:45","date_gmt":"2021-04-13T22:02:45","guid":{"rendered":"https:\/\/www.conversasdocoracao.com.br\/blog\/?p=2173"},"modified":"2021-04-14T01:16:19","modified_gmt":"2021-04-14T04:16:19","slug":"o-gato-mordeu-a-lingua-reconciliacao","status":"publish","type":"post","link":"https:\/\/www.conversasdocoracao.com.br\/blog\/2021\/04\/13\/o-gato-mordeu-a-lingua-reconciliacao\/","title":{"rendered":"O GATO MORDEU A LINGUA! ( RECONCILIA\u00c7\u00c3O)."},"content":{"rendered":"<p><span style=\"font-size: 14pt;\">Tenho dois gatos. Manhosos e sensuais. Meio grudentos. Olhos azuis como o c\u00e9u. Carentes. Os dois tem o peito coberto por pelos brancos. Um deles tem o nome de Frederico. O outro, Rafael. Cada um deles tem seu pr\u00f3prio jeito de ser. Frederico \u00e9 simp\u00e1tico, af\u00e1vel, ao passo que Rafael \u00e9 antip\u00e1tico, ensimesmado. Algumas vezes impertinente. Ranzinza. N\u00e3o d\u00e1 pra confiar em seu humor. Implicante como ele s\u00f3! N\u00e3o tolera Frederico. Harmonizar o ambiente com esses dois, n\u00e3o \u00e9 f\u00e1cil. Tem me dado muito trabalho. Converso muito com eles. Ainda bem que ambos s\u00e3o carinhosos. Sabem me conquistar diariamente. Pra mim \u00e9 super importante ter conforto emocional dentro de casa. Confesso que tenho uma tend\u00eancia instintiva em proteger Frederico. A sua energia tranquila combina com a minha.\u00a0 Protejo mesmo Frederico! N\u00e3o tolero o egocentrismo e falta de sensibilidade de Rafael. Algumas vezes j\u00e1 pensei at\u00e9 em abandon\u00e1-lo. Desisti. N\u00e3o tem jeito. Eu o amo demais. N\u00e3o sou de abandonar meus amores! Resolvi cuidar das diferen\u00e7as e tentar conciliar. N\u00e3o suportaria ficar longe dele. Seu toque \u00e9 insubstitu\u00edvel, Mesmo sendo t\u00e3o neur\u00f3tico. Noutro dia, surpreendi meu lindo Frederico querendo brincar no tapete com Rafael. Milagres acontecem! Fiquei surpresa. Desta vez Rafael n\u00e3o o rejeitava. Milagrosamente, percebi que\u00a0 estava envolvido com a brincadeira. Foi a primeira vez que vi os dois juntos e descontra\u00eddos. Fiquei feliz da vida com a cena. Senti que a rela\u00e7\u00e3o estava melhorando. Al\u00edvio! Na verdade\u00a0 incomodava muito perceber aquele n\u00edvel de rejei\u00e7\u00e3o de Rafael por Frederico porque meu cora\u00e7\u00e3o \u00e9 profundamente apaixonado pelos dois. A cena deles brincando no tapete fez renascer em mim, a vontade da gente assistir filmes, comer pipoca, juntinhos na sala de estar. Trocar energia do amor. O bom da hist\u00f3ria \u00e9 que desde aquele dia Rafael mudou! Agora busca sempre Frederico. At\u00e9 o brilho de seu olhar azul ficou diferente quando est\u00e3o juntos. Realmente Rafael mudou! Acredita que ele anda querendo casar comigo? Fiz anivers\u00e1rio semana passada. Sabe o que ganhei de niver dele? UMA LINDA NEVE. &#8220;MIAU&#8221;!<\/span><\/p>\n","protected":false},"excerpt":{"rendered":"<p>Tenho dois gatos. Manhosos e sensuais. Meio grudentos. Olhos azuis como o c\u00e9u. Carentes. Os dois tem o peito coberto por pelos brancos. Um deles tem o nome de Frederico. O outro, Rafael. Cada um deles tem seu pr\u00f3prio jeito de ser. Frederico \u00e9 simp\u00e1tico, af\u00e1vel, ao passo que Rafael \u00e9 antip\u00e1tico, ensimesmado. Algumas vezes &hellip; <a href=\"https:\/\/www.conversasdocoracao.com.br\/blog\/2021\/04\/13\/o-gato-mordeu-a-lingua-reconciliacao\/\" class=\"more-link\">Continue lendo<span class=\"screen-reader-text\"> &#8220;O GATO MORDEU A LINGUA! ( RECONCILIA\u00c7\u00c3O).&#8221;<\/span><\/a><\/p>\n","protected":false},"author":2,"featured_media":0,"comment_status":"closed","ping_status":"closed","sticky":false,"template":"","format":"standard","meta":[],"categories":[1],"tags":[],"_links":{"self":[{"href":"https:\/\/www.conversasdocoracao.com.br\/blog\/wp-json\/wp\/v2\/posts\/2173"}],"collection":[{"href":"https:\/\/www.conversasdocoracao.com.br\/blog\/wp-json\/wp\/v2\/posts"}],"about":[{"href":"https:\/\/www.conversasdocoracao.com.br\/blog\/wp-json\/wp\/v2\/types\/post"}],"author":[{"embeddable":true,"href":"https:\/\/www.conversasdocoracao.com.br\/blog\/wp-json\/wp\/v2\/users\/2"}],"replies":[{"embeddable":true,"href":"https:\/\/www.conversasdocoracao.com.br\/blog\/wp-json\/wp\/v2\/comments?post=2173"}],"version-history":[{"count":5,"href":"https:\/\/www.conversasdocoracao.com.br\/blog\/wp-json\/wp\/v2\/posts\/2173\/revisions"}],"predecessor-version":[{"id":2178,"href":"https:\/\/www.conversasdocoracao.com.br\/blog\/wp-json\/wp\/v2\/posts\/2173\/revisions\/2178"}],"wp:attachment":[{"href":"https:\/\/www.conversasdocoracao.com.br\/blog\/wp-json\/wp\/v2\/media?parent=2173"}],"wp:term":[{"taxonomy":"category","embeddable":true,"href":"https:\/\/www.conversasdocoracao.com.br\/blog\/wp-json\/wp\/v2\/categories?post=2173"},{"taxonomy":"post_tag","embeddable":true,"href":"https:\/\/www.conversasdocoracao.com.br\/blog\/wp-json\/wp\/v2\/tags?post=2173"}],"curies":[{"name":"wp","href":"https:\/\/api.w.org\/{rel}","templated":true}]}}