{"id":2180,"date":"2021-04-21T19:49:23","date_gmt":"2021-04-21T22:49:23","guid":{"rendered":"https:\/\/www.conversasdocoracao.com.br\/blog\/?p=2180"},"modified":"2021-04-21T21:20:02","modified_gmt":"2021-04-22T00:20:02","slug":"fragmentos-de-mim-vida-ou-morte","status":"publish","type":"post","link":"https:\/\/www.conversasdocoracao.com.br\/blog\/2021\/04\/21\/fragmentos-de-mim-vida-ou-morte\/","title":{"rendered":"FRAGMENTOS DE MIM! (VIDA OU MORTE)."},"content":{"rendered":"<p><span style=\"font-size: 14pt;\">Depois de um per\u00edodo nem sempre acolhedor que pode ser marcado por sensa\u00e7\u00f5es prazerosas ou angustiantes, independente de nossa vontade consciente, nascemos! A jornada f\u00edsica no planeta terra come\u00e7a ai. &#8220;Em psican\u00e1lise, as polaridades amor e \u00f3dio, vida e morte e outras, s\u00e3o for\u00e7as que habitam o ser humano.. Est\u00e3o presentes no cotidiano, tanto nos conflitos simples e banais, quanto nos mais m\u00f3rbidos ou sublimes da humanidade&#8221;. Estes pares de opostos est\u00e3o presentes, fundidos em tudo o que o ser humano faz, pensa e sente. Um impulso energ\u00e9tico interno direciona as nossas a\u00e7\u00f5es, nosso comportamento, com o objetivo de equil\u00edbrio interno, para gerar bem estar. Impulso de morte e puls\u00e3o de vida influenciam o nosso comportamento e sobreviv\u00eancia humana. Seria perfeito que nessa chegada \u00e0 terra houvesse festa, muita alegria e cora\u00e7\u00e3o pulsante; no entanto, muitas vezes, isso n\u00e3o acontece.\u00a0 &#8220;Conflito e ang\u00fastia humana, mal administrados, podem causar desequil\u00edbrio energ\u00e9tico e danos a sa\u00fade&#8221;.\u00a0 O destino com sua gama de acontecimentos\u00a0 colabora muito pra que essa situa\u00e7\u00e3o surja.\u00a0 &#8220;Temos que ser guerreiros&#8221;! Com meu filho, sinto n\u00e3o ter evitado que recebesse sensa\u00e7\u00f5es de meus desequil\u00edbrios e ang\u00fastias. Naquele momento n\u00e3o tinha a menor consci\u00eancia do tamanho de minha insanidade emocional. Tampouco o quanto isso pudesse afetar a quem mais amava. &#8220;Egocentrismo impede de se olhar para fora&#8221;! Fui inconsciente e fr\u00e1gil. Andei s\u00f3 no caminho da dor, sem me dar conta que uma vida crescia dentro de mim. Precisava ser cuidada. Esperei tanto pra ter o meu Danilo. A descoberta da gravidez foi a sensa\u00e7\u00e3o da mais inimagin\u00e1vel felicidade que j\u00e1 tinha sentido. Estrelas brilhavam em minha alma, diuturnamente. Enxoval escolhido como pedrinhas preciosas enfeitando o cora\u00e7\u00e3o. Durou pouco. No sexto m\u00eas, j\u00e1 mostrando uma barriguinha redonda e linda, sentindo a vida pulsando com chutes e\u00a0 pontap\u00e9s vigorosos, a alegria de viver partiu. Tudo se transformou. Ouvi a not\u00edcia impiedosa na televis\u00e3o:- O pai de meu filho tinha morrido. Acidente. Deus foi cruel comigo.\u00a0 Morri tamb\u00e9m naquele instante! Danilo n\u00e3o! Continuava com seus movimentos em meu ventre dando sinais de vida. Meu cora\u00e7\u00e3o n\u00e3o conseguia acompanhar o ritmo e os movimentos de Danilo. \u00c9 como se ele quisesse me despertar para a vida.\u00a0 Sentia muita culpa, tristeza e desejo de sumir. Carga pesada demais! Fragilizei. Foi ent\u00e3o que meu filho resolveu antecipar a sua vinda. Nasceu prematuro. Num ambiente de intenso caos emocional. No dia em que ele chegou havia brumas nos c\u00e9us encobrindo o brilho do sol amarelo do outono. Insistindo em nascer tamb\u00e9m! Parece que tinha havido um pacto entre meu filho e o sol! Os dois resolveram nascer juntos iluminando! Minha alma escurecida foi surpreendida pela luz de Danilo e pela luz do sol! Fiquei numa ambival\u00eancia total Senti uma desordem energ\u00e9tica e afetiva em meu cora\u00e7\u00e3o t\u00e3o escuro.\u00a0 E nessa\u00a0 claridade abrupta, chorei. Chorei todas as dores intensas enterradas no \u00e2mago.. Chorei a culpa. Chorei a luz! Ressuscitei! Os olhos de Danilo eram id\u00eanticos\u00a0 aos do meu amor perdido. Cora\u00e7\u00e3o disparou. Naquele momento senti a\u00a0 fa\u00edsca da vida pulsar. De algum jeito estava\u00a0 novamente junto aos amores de minha vida. Em meu processo terap\u00eautico percebi que congelei sentimentos intensos sem conseguir process\u00e1-los. Fiquei cega aos matizes coloridos que continuaram\u00a0 enfeitando o caminho. Compreendi que lidei com os meus limites poss\u00edveis de sobreviv\u00eancia.\u00a0 A perda sofrida\u00a0 me aniquilou a raz\u00e3o. S\u00f3 consegui pulsar na revolta e impot\u00eancia, por dificuldade de encarar a realidade. Estava com a alma partida. O brilho dos olhos de Danilo e do rei sol, resgataram parte da minha energia perdida.\u00a0 Foi m\u00e1gico. Pulsa\u00e7\u00e3o de vida preponderou.\u00a0 &#8220;ESCOLHI VIVER&#8221;!<\/span><\/p>\n","protected":false},"excerpt":{"rendered":"<p>Depois de um per\u00edodo nem sempre acolhedor que pode ser marcado por sensa\u00e7\u00f5es prazerosas ou angustiantes, independente de nossa vontade consciente, nascemos! A jornada f\u00edsica no planeta terra come\u00e7a ai. &#8220;Em psican\u00e1lise, as polaridades amor e \u00f3dio, vida e morte e outras, s\u00e3o for\u00e7as que habitam o ser humano.. Est\u00e3o presentes no cotidiano, tanto nos &hellip; <a href=\"https:\/\/www.conversasdocoracao.com.br\/blog\/2021\/04\/21\/fragmentos-de-mim-vida-ou-morte\/\" class=\"more-link\">Continue lendo<span class=\"screen-reader-text\"> &#8220;FRAGMENTOS DE MIM! (VIDA OU MORTE).&#8221;<\/span><\/a><\/p>\n","protected":false},"author":2,"featured_media":0,"comment_status":"closed","ping_status":"closed","sticky":false,"template":"","format":"standard","meta":[],"categories":[1],"tags":[],"_links":{"self":[{"href":"https:\/\/www.conversasdocoracao.com.br\/blog\/wp-json\/wp\/v2\/posts\/2180"}],"collection":[{"href":"https:\/\/www.conversasdocoracao.com.br\/blog\/wp-json\/wp\/v2\/posts"}],"about":[{"href":"https:\/\/www.conversasdocoracao.com.br\/blog\/wp-json\/wp\/v2\/types\/post"}],"author":[{"embeddable":true,"href":"https:\/\/www.conversasdocoracao.com.br\/blog\/wp-json\/wp\/v2\/users\/2"}],"replies":[{"embeddable":true,"href":"https:\/\/www.conversasdocoracao.com.br\/blog\/wp-json\/wp\/v2\/comments?post=2180"}],"version-history":[{"count":5,"href":"https:\/\/www.conversasdocoracao.com.br\/blog\/wp-json\/wp\/v2\/posts\/2180\/revisions"}],"predecessor-version":[{"id":2185,"href":"https:\/\/www.conversasdocoracao.com.br\/blog\/wp-json\/wp\/v2\/posts\/2180\/revisions\/2185"}],"wp:attachment":[{"href":"https:\/\/www.conversasdocoracao.com.br\/blog\/wp-json\/wp\/v2\/media?parent=2180"}],"wp:term":[{"taxonomy":"category","embeddable":true,"href":"https:\/\/www.conversasdocoracao.com.br\/blog\/wp-json\/wp\/v2\/categories?post=2180"},{"taxonomy":"post_tag","embeddable":true,"href":"https:\/\/www.conversasdocoracao.com.br\/blog\/wp-json\/wp\/v2\/tags?post=2180"}],"curies":[{"name":"wp","href":"https:\/\/api.w.org\/{rel}","templated":true}]}}