{"id":2192,"date":"2021-05-09T18:14:32","date_gmt":"2021-05-09T21:14:32","guid":{"rendered":"https:\/\/www.conversasdocoracao.com.br\/blog\/?p=2192"},"modified":"2021-05-10T01:22:03","modified_gmt":"2021-05-10T04:22:03","slug":"quadro-na-parede-devaneio-decisao","status":"publish","type":"post","link":"https:\/\/www.conversasdocoracao.com.br\/blog\/2021\/05\/09\/quadro-na-parede-devaneio-decisao\/","title":{"rendered":"QUADRO NA PAREDE! (DEVANEIO\/DECIS\u00c3O)."},"content":{"rendered":"<p>Tarde fria e \u00famida. Gotas da chuva escorrendo pelos vidros das janelas. Parecem l\u00e1grimas de uma tarde triste! Luzes dos far\u00f3is\u00a0 se refletem nessas l\u00e1grimas, despertando uma sensa\u00e7\u00e3o muito estranha. Sinto que o cora\u00e7\u00e3o ganhou um peso insustent\u00e1vel. Est\u00e1 disparado, buscando correr dessa ang\u00fastia inesperada. Tento sair desse estado emocional, direcionando os pensamentos para o ambiente da sala, onde me encontro. Sentada no velho tapete bege; ansiosa, olho ao redor. Minhas pupilas buscam rapidamente algum ponto que me transporte a uma sensa\u00e7\u00e3o mais leve. Muito ruim ficar assim! Volto os olhos a um quadro colorido, pendurado na parede, pertinho do piano. Ele sempre esteve ali. S\u00f3 agora percebo os detalhes. Nunca o tinha visto assim! Fico fixada na express\u00e3o do palha\u00e7o, chorando de tanto rir.\u00a0 Palha\u00e7o diferente! Tem um brilho estranho no olhar. Alegre e triste. Emo\u00e7\u00f5es misturadas que confundem a minha mente. Fico intrigada! O que ser\u00e1 que ele esconde dentro de si? Que hist\u00f3rias? Express\u00e3o ambivalente que\u00a0 mexe em sentimentos amb\u00edguos, ancorados bem l\u00e1 no fundo de meu peito. Chega um certo frio na barriga junto \u00e0 saudade de morrer. Vida ingrata! Tudo que \u00e9 bom escapa, vai embora. Tempos que n\u00e3o voltam. Lembran\u00e7as intensas. Crian\u00e7as brincando, correndo pela sala, atropelando os adultos, numa alegria genu\u00edna. Lembro que esse palha\u00e7o assustava a pequena Jana. Ela tinha medo. &#8220;Bicho pap\u00e3o&#8221;! Achava engra\u00e7ado e cobria o quadro. Queria protege-la de fantasias ruins. Hoje eu a entendo melhor! Naquela \u00e9poca n\u00e3o cabiam falsidades. Tampouco inveja, competi\u00e7\u00e3o ou qualquer sentimento t\u00f3xico. Tudo t\u00e3o natural! Discuss\u00f5es eram como uma vitamina\u00a0 que nutriam ainda mais os v\u00ednculos. Girass\u00f3is, roseiras e pardais! Sempre havia uma cor de fundo iluminando os contatos. Risos abertos. Palavras francas, algumas vezes duras, repassando a mensagem clara e bem dirigida. A confian\u00e7a era tanta que nunca se duvidava do amor! A gente sabia que ele prevaleceria. Palha\u00e7o poderoso esse! Resgatando, agora, emo\u00e7\u00f5es\u00a0 bloqueadas, escondidas pelo tempo. Tinha at\u00e9 me esquecido do tamanho da felicidade vivida. Porque ser\u00e1 que as enterrei? \u00c9 como se negasse ter vivido tempos t\u00e3o incr\u00edveis. Talvez n\u00e3o valorizados. Pare\u00e7o louca mesmo! As vezes duvido de mim. Sentada agora nesse tapete antigo, esse palha\u00e7o atrevido veio machucar meu cora\u00e7\u00e3o. Reflito sobre as borboletas que enfeitam o seu chap\u00e9u. S\u00e3o azuis e amarelas. Fixo meus olhos nas borboletas azuis! N\u00e3o sei porque. S\u00e3o quatro. Parece que querem voar e n\u00e3o conseguem. Fico com muita pena e, um tanto angustiada. Come\u00e7o a chorar. Choro de raiva, misturado com compaix\u00e3o. Decido n\u00e3o ficar nesse lugar! Quero mudar o meu astral. Desvio os olhos lentamente para as borboletas amarelas. Elas querem voar do chap\u00e9u do palha\u00e7o. Parecem mais espertas do que as azuis: n\u00e3o querem ficar presas naquele chap\u00e9u. Imediatamente me identifico com elas. Saio da ambival\u00eancia. SOU BORBOLETA AMARELA!<\/p>\n","protected":false},"excerpt":{"rendered":"<p>Tarde fria e \u00famida. Gotas da chuva escorrendo pelos vidros das janelas. Parecem l\u00e1grimas de uma tarde triste! Luzes dos far\u00f3is\u00a0 se refletem nessas l\u00e1grimas, despertando uma sensa\u00e7\u00e3o muito estranha. Sinto que o cora\u00e7\u00e3o ganhou um peso insustent\u00e1vel. Est\u00e1 disparado, buscando correr dessa ang\u00fastia inesperada. Tento sair desse estado emocional, direcionando os pensamentos para o &hellip; <a href=\"https:\/\/www.conversasdocoracao.com.br\/blog\/2021\/05\/09\/quadro-na-parede-devaneio-decisao\/\" class=\"more-link\">Continue lendo<span class=\"screen-reader-text\"> &#8220;QUADRO NA PAREDE! (DEVANEIO\/DECIS\u00c3O).&#8221;<\/span><\/a><\/p>\n","protected":false},"author":2,"featured_media":0,"comment_status":"closed","ping_status":"closed","sticky":false,"template":"","format":"standard","meta":[],"categories":[1],"tags":[],"_links":{"self":[{"href":"https:\/\/www.conversasdocoracao.com.br\/blog\/wp-json\/wp\/v2\/posts\/2192"}],"collection":[{"href":"https:\/\/www.conversasdocoracao.com.br\/blog\/wp-json\/wp\/v2\/posts"}],"about":[{"href":"https:\/\/www.conversasdocoracao.com.br\/blog\/wp-json\/wp\/v2\/types\/post"}],"author":[{"embeddable":true,"href":"https:\/\/www.conversasdocoracao.com.br\/blog\/wp-json\/wp\/v2\/users\/2"}],"replies":[{"embeddable":true,"href":"https:\/\/www.conversasdocoracao.com.br\/blog\/wp-json\/wp\/v2\/comments?post=2192"}],"version-history":[{"count":9,"href":"https:\/\/www.conversasdocoracao.com.br\/blog\/wp-json\/wp\/v2\/posts\/2192\/revisions"}],"predecessor-version":[{"id":2202,"href":"https:\/\/www.conversasdocoracao.com.br\/blog\/wp-json\/wp\/v2\/posts\/2192\/revisions\/2202"}],"wp:attachment":[{"href":"https:\/\/www.conversasdocoracao.com.br\/blog\/wp-json\/wp\/v2\/media?parent=2192"}],"wp:term":[{"taxonomy":"category","embeddable":true,"href":"https:\/\/www.conversasdocoracao.com.br\/blog\/wp-json\/wp\/v2\/categories?post=2192"},{"taxonomy":"post_tag","embeddable":true,"href":"https:\/\/www.conversasdocoracao.com.br\/blog\/wp-json\/wp\/v2\/tags?post=2192"}],"curies":[{"name":"wp","href":"https:\/\/api.w.org\/{rel}","templated":true}]}}