{"id":2221,"date":"2021-05-30T16:40:44","date_gmt":"2021-05-30T19:40:44","guid":{"rendered":"https:\/\/www.conversasdocoracao.com.br\/blog\/?p=2221"},"modified":"2021-05-31T19:04:46","modified_gmt":"2021-05-31T22:04:46","slug":"o-mundo-colorido-de-renan-dislexia","status":"publish","type":"post","link":"https:\/\/www.conversasdocoracao.com.br\/blog\/2021\/05\/30\/o-mundo-colorido-de-renan-dislexia\/","title":{"rendered":"O MUNDO COLORIDO DE RENAN! (DISLEXIA)"},"content":{"rendered":"<p>Renan, nove anos, \u00e9 uma crian\u00e7a singular. Intelig\u00eancia colorida e muito criativa. Desconhecida dos med\u00edocres. Est\u00e3o acostumados com o modelo tradicional que a sociedade aprova! Esse garoto desde pequenino j\u00e1 denotava um comportamento diferente do irm\u00e3o mais velho. Sua m\u00e3e, mulher simples, afetuosa e preocupada, sempre esteve por perto. Cora\u00e7\u00e3o gigante. Alma fr\u00e1gil. C\u00e9rebro ambivalente. Ora o protegia, ora o punia. Uma coisa \u00e9 certa: ela o amava profundamente! Algumas vezes at\u00e9 se traia sendo rude e severa. Depois sentia muita culpa por atitudes agressivas e rejeitadoras que eventualmente tomava em rela\u00e7\u00e3o a ele. &#8220;Renan era como um Anjo&#8221;. Doce e sens\u00edvel! Vivia num mundo imagin\u00e1rio sustentando fantasias e sonhos. Natural que Joana, sua m\u00e3e, tivesse preocupa\u00e7\u00e3o com o futuro do filho. Ela era sozinha. Separou-se do pai de Renan, ainda gr\u00e1vida. Um homem troglodita! Insens\u00edvel e ego\u00edsta. Trabalhadora e determinada, Joana seguiu a vida. Conseguiu o cargo de ger\u00eancia num grande supermercado, pr\u00f3ximo \u00e0 sua casa. Dona Lourdes, sua m\u00e3e, dava um bom suporte enquanto ela n\u00e3o voltava do trabalho. Preparava comidas caseiras saborosas, muitas verduras e gr\u00e3os. Um tempero delicioso. Renan adorava a comida da av\u00f3, que o mimava demais. Era o seu xod\u00f3. Mulher da ro\u00e7a, que, em sua simplicidade, n\u00e3o entendia porque o\u00a0 neto amado tinha tantas dificuldades na escola. Ela adorava o jeito amoroso dele. Para ela, Renan era o m\u00e1ximo principalmente quando mostrava pinturas\u00a0 expressivas e coloridas! No entanto, acompanhava a rotina dele e sabia que algo estava errado em sua vida escolar. N\u00e3o foram poucas as vezes que Joana foi chamada \u00e0 escola em fun\u00e7\u00e3o das dificuldades de seu filho em ler e escrever. Em decorr\u00eancia disso Renan sofria muitas goza\u00e7\u00f5es e humilha\u00e7\u00f5es. Quando chegava em casa amuado, Joana j\u00e1 sabia que algo ruim tinha acontecido na escola. Ela era uma mulher\u00a0 esclarecida, por\u00e9m n\u00e3o conseguia entender o que havia com seu filho. Porque tanta dificuldade\u00a0 em aprender? Sempre o achou inteligente e criativo. Em sua cabe\u00e7a, \u00e0s vezes, surgiam perguntas sem respostas, mas logo pensava que era incompet\u00eancia dos professores. Trocou Renan de escola algumas vezes, tentando resolver o problema que tanto a angustiava. A \u00faltima transfer\u00eancia de Renan foi para uma escola com m\u00e9todos e disciplina mais r\u00edgidos. Joana pensou que talvez fosse o que estava faltando pra Renan se enquadrar. Sentia um aperto no cora\u00e7\u00e3o s\u00f3 em pensar que ele poderia sofrer. Nesses instantes buscava apoio em seu lado racional pra n\u00e3o fraquejar. Precisava se manter firme. &#8220;N\u00e3o queria repetir o erro&#8221;. Em cada mudan\u00e7a de escola sempre houve uma expectativa imensa e muitas frustra\u00e7\u00f5es. Desta \u00faltima vez n\u00e3o foi diferente. Logo no primeiro\u00a0 m\u00eas, a coordena\u00e7\u00e3o convocou uma reuni\u00e3o com Joana e a comunicou que seu filho n\u00e3o tinha condi\u00e7\u00f5es de frequentar uma escola normal. Indicou-lhe uma institui\u00e7\u00e3o para crian\u00e7as especiais. Joana descabelou-se. Filho especial? N\u00e3o!\u00a0 &#8220;Eles n\u00e3o conheciam o seu Renan!&#8221;. Ele foi encaminhado para uma avalia\u00e7\u00e3o neuropsicol\u00f3gica para fechar um diagn\u00f3stico. Havia uma suspeita de dislexia. Quando Joana recebeu o diagn\u00f3stico positivo entendeu todo o sofrimento que seu filho sentia. A partir dai, desarmou-se. Buscou informa\u00e7\u00f5es precisas sobre dislexia. Ampliou a consci\u00eancia sobre os sintomas do quadro e formas de abordagens. Incr\u00edvel, mas sentiu- se mais segura para buscar caminhos.\u00a0 Entendeu que existem tipos e graus diferentes de dislexia e que tem origem gen\u00e9tica. A de Renan era do tipo mista, num grau m\u00e9dio. Isto \u00e9, auditiva e visual dificultando a aprendizagem e a aquisi\u00e7\u00e3o das habilidades na escrita, fala e orienta\u00e7\u00e3o espacial, entre outros. Renan come\u00e7ou a frequentar uma psic\u00f3loga especializada e uma fonoaudi\u00f3loga. Ao mesmo tempo foi matriculado numa institui\u00e7\u00e3o que tinha classes especializadas para crian\u00e7as com dislexias. Com o passar do tempo a intelig\u00eancia acima da m\u00e9dia de Renan veio \u00e0 tona, transbordando de alegria os cora\u00e7\u00f5es que o amavam e principalmente a ele mesmo. Foi ficando seguro e integrado. Professores com a magia do conhecimento e da sensibilidade, fizeram desabrochar a cria\u00e7\u00e3o e a vida que estavam reprimidas dentro de seu mundo. Seus olhos brilhantes expressam agora a alegria de viver. Sorriem como uma crian\u00e7a feliz. Hoje Renan j\u00e1 sabe que \u00e9 capaz! VOV\u00d3 LOURDES QUE O DIGA!<\/p>\n","protected":false},"excerpt":{"rendered":"<p>Renan, nove anos, \u00e9 uma crian\u00e7a singular. Intelig\u00eancia colorida e muito criativa. Desconhecida dos med\u00edocres. Est\u00e3o acostumados com o modelo tradicional que a sociedade aprova! Esse garoto desde pequenino j\u00e1 denotava um comportamento diferente do irm\u00e3o mais velho. Sua m\u00e3e, mulher simples, afetuosa e preocupada, sempre esteve por perto. Cora\u00e7\u00e3o gigante. Alma fr\u00e1gil. C\u00e9rebro ambivalente. &hellip; <a href=\"https:\/\/www.conversasdocoracao.com.br\/blog\/2021\/05\/30\/o-mundo-colorido-de-renan-dislexia\/\" class=\"more-link\">Continue lendo<span class=\"screen-reader-text\"> &#8220;O MUNDO COLORIDO DE RENAN! (DISLEXIA)&#8221;<\/span><\/a><\/p>\n","protected":false},"author":2,"featured_media":0,"comment_status":"closed","ping_status":"closed","sticky":false,"template":"","format":"standard","meta":[],"categories":[1],"tags":[],"_links":{"self":[{"href":"https:\/\/www.conversasdocoracao.com.br\/blog\/wp-json\/wp\/v2\/posts\/2221"}],"collection":[{"href":"https:\/\/www.conversasdocoracao.com.br\/blog\/wp-json\/wp\/v2\/posts"}],"about":[{"href":"https:\/\/www.conversasdocoracao.com.br\/blog\/wp-json\/wp\/v2\/types\/post"}],"author":[{"embeddable":true,"href":"https:\/\/www.conversasdocoracao.com.br\/blog\/wp-json\/wp\/v2\/users\/2"}],"replies":[{"embeddable":true,"href":"https:\/\/www.conversasdocoracao.com.br\/blog\/wp-json\/wp\/v2\/comments?post=2221"}],"version-history":[{"count":6,"href":"https:\/\/www.conversasdocoracao.com.br\/blog\/wp-json\/wp\/v2\/posts\/2221\/revisions"}],"predecessor-version":[{"id":2226,"href":"https:\/\/www.conversasdocoracao.com.br\/blog\/wp-json\/wp\/v2\/posts\/2221\/revisions\/2226"}],"wp:attachment":[{"href":"https:\/\/www.conversasdocoracao.com.br\/blog\/wp-json\/wp\/v2\/media?parent=2221"}],"wp:term":[{"taxonomy":"category","embeddable":true,"href":"https:\/\/www.conversasdocoracao.com.br\/blog\/wp-json\/wp\/v2\/categories?post=2221"},{"taxonomy":"post_tag","embeddable":true,"href":"https:\/\/www.conversasdocoracao.com.br\/blog\/wp-json\/wp\/v2\/tags?post=2221"}],"curies":[{"name":"wp","href":"https:\/\/api.w.org\/{rel}","templated":true}]}}