{"id":2250,"date":"2021-06-16T16:58:23","date_gmt":"2021-06-16T19:58:23","guid":{"rendered":"https:\/\/www.conversasdocoracao.com.br\/blog\/?p=2250"},"modified":"2021-06-16T19:53:35","modified_gmt":"2021-06-16T22:53:35","slug":"eu-e-meus-varios-eus-aspectos-internos","status":"publish","type":"post","link":"https:\/\/www.conversasdocoracao.com.br\/blog\/2021\/06\/16\/eu-e-meus-varios-eus-aspectos-internos\/","title":{"rendered":"EU E MEUS V\u00c1RIOS EUS! ( ASPECTOS INTERNOS)."},"content":{"rendered":"<p>Nasci assim: questionadora e rebelde. Fa\u00e7o as coisas do meu jeito. N\u00e3o preciso de sua opini\u00e3o. Nem da opini\u00e3o de ningu\u00e9m! Sou l\u00e1 do interior da Bahia. Quando pequena dei muito trabalho. Minha m\u00e3e, que Deus a tenha, s\u00f3 n\u00e3o endoideceu porque j\u00e1 tinha um bocado de loucura pr\u00f3pria. At\u00e9 quiseram intern\u00e1-la. Coitada. Tamb\u00e9m n\u00e3o era pra isso! Hoje eu entendo minha m\u00e3e. Suportar tanta amargura! Vida miser\u00e1vel. T\u00e3o sufocada pelo senhor meu pai. Cabra insens\u00edvel. Casca de crocodilo \u00e9 o que ele era. A v\u00e1lvula de escape dela foi o desequil\u00edbrio mesmo! Da\u00ed, quando eu fazia as minhas traquinagens danadas, era a gota d&#8217;agua. \u00c9 isso. Hoje compreendo minha m\u00e3e. De vez em quando eu mesma achava que tinha extrapolado. At\u00e9 apanhar de chinelo, j\u00e1 apanhei. Com nove anos de idade queria entender coisas que os adultos n\u00e3o me contavam. Ouvia &#8220;quando crescer vai entender. Voc\u00ea ainda \u00e9 uma crian\u00e7a.&#8221;. Eu ficava muito brava. Pensava que, se tinha brotado esse interesse em mim, \u00e9 porque j\u00e1 era hora de saber, u\u00e9! Muitas vezes, queria entender porque a vida num dia parece maravilhosa e noutro t\u00e3o chata! Porque existimos? Respostas vazias me deixavam mais questionadora ainda. Isso aborrecia os adultos, principalmente minha m\u00e3e. Ela n\u00e3o tinha muita paci\u00eancia, n\u00e3o! Por muito pouco j\u00e1 gritava. Mandava eu calar a boca. Eu n\u00e3o desistia. Sempre arranjava um jeito de satisfazer o meu esp\u00edrito curioso. Na escola fui uma aluna rebelde. N\u00e3o gostava de estudar. Buscava s\u00f3 o prazer imediato. Queria viver os aspectos fantasiados dos meus sonhos criativos. N\u00e3o sossegava. Fui Princesa. Rainha. Algumas vezes fui bruxa! Fui Deus colorido. Fui at\u00e9 borboleta em cima de uma cerejeira. Voava pelos canteiros ensolarados. As flores? Eram minhas amiguinhas. Crescendo, troquei essas fantasias pelo doce sabor do mel. Beijos, abra\u00e7os e muito sexo. Nossa! Ficou sendo o meu ponto forte. Maluquice. Os horm\u00f4nios enlouquecem! S\u00f3 vivia isso. S\u00f3 queria o doce sabor do mel! Fiquei compulsiva. &#8220;Compulsiva sexual&#8221;. Pode? Com o transcorrer \u00a0dos anos fui piorando. Eu me degradando! Qualquer um servia. N\u00e3o queria o mesmo homem. Precisava variar. Diversos temperos! Chegou num momento da vida que comecei a sentir auto repulsa. Mesmo assim continuei com esse comportamento compulsivo. Essa briga interna tomou tamanho gigante. &#8220;Conflito desaba a gente&#8221;. J\u00e1 n\u00e3o tinha energia pra bancar os outros lados necess\u00e1rios \u00a0da vida. Auto imagem zerada. Me sentia um lixo; no entanto, ainda assim, n\u00e3o controlava os impulsos sexuais e continuava com as atitudes de auto destrui\u00e7\u00e3o! Era gozada pelos homens que me conheciam. Perdi amigas. Me sentia usada. Sem identidade saud\u00e1vel.\u00a0 &#8220;Galinha amarela&#8221;, era o meu apelido. Acho que porque virei loira. Numa tarde, sozinha em meu quarto, infeliz, passeando pela internet, n\u00e3o sei porque, resolvi entrar num blog de psicologia pra entender que for\u00e7a estranha me compelia a ter atitudes que n\u00e3o conseguia controlar. Lendo sobre compuls\u00e3o, fiquei intrigada! &#8220;Ser\u00e1 que eu tinha aquilo&#8221;? Fiquei perplexa ao ler um caso l\u00e1 relatado, id\u00eantico ao meu quadro. L\u00e1 era classificado como &#8221; transtorno mental&#8221;. Descrevia como um padr\u00e3o persistente de falha no controle de impulsos sexuais repetitivos e intensos. Identificado como dist\u00farbio compulsivo sexual. Identifiquei- me com todos os sintomas emocionais e ps\u00edquicos que l\u00e1 estavam expostos. (Muito pol\u00eamico esse tema!). Compreendi que precisava de tratamento. Fui buscar ajuda terap\u00eautica. N\u00e3o quero mais me auto sabotar. Quero alinhavar pontos importantes de meu jeito de ser e me auto resgatar. &#8220;Preciso conhecer quais caminhos internos\u00a0 me levam onde n\u00e3o quero ir&#8221;. Saber dos abismos amea\u00e7adores e desviar-me deles. Comandar o meu equil\u00edbrio ps\u00edquico sem me sentir um fantoche do prazer vazio. Li\u00e7\u00e3o nova: Orgasmo? S\u00d3 SE FOR COM MUITO AMOR!<\/p>\n","protected":false},"excerpt":{"rendered":"<p>Nasci assim: questionadora e rebelde. Fa\u00e7o as coisas do meu jeito. N\u00e3o preciso de sua opini\u00e3o. Nem da opini\u00e3o de ningu\u00e9m! Sou l\u00e1 do interior da Bahia. Quando pequena dei muito trabalho. Minha m\u00e3e, que Deus a tenha, s\u00f3 n\u00e3o endoideceu porque j\u00e1 tinha um bocado de loucura pr\u00f3pria. At\u00e9 quiseram intern\u00e1-la. Coitada. Tamb\u00e9m n\u00e3o &hellip; <a href=\"https:\/\/www.conversasdocoracao.com.br\/blog\/2021\/06\/16\/eu-e-meus-varios-eus-aspectos-internos\/\" class=\"more-link\">Continue lendo<span class=\"screen-reader-text\"> &#8220;EU E MEUS V\u00c1RIOS EUS! ( ASPECTOS INTERNOS).&#8221;<\/span><\/a><\/p>\n","protected":false},"author":2,"featured_media":0,"comment_status":"closed","ping_status":"closed","sticky":false,"template":"","format":"standard","meta":[],"categories":[1],"tags":[],"_links":{"self":[{"href":"https:\/\/www.conversasdocoracao.com.br\/blog\/wp-json\/wp\/v2\/posts\/2250"}],"collection":[{"href":"https:\/\/www.conversasdocoracao.com.br\/blog\/wp-json\/wp\/v2\/posts"}],"about":[{"href":"https:\/\/www.conversasdocoracao.com.br\/blog\/wp-json\/wp\/v2\/types\/post"}],"author":[{"embeddable":true,"href":"https:\/\/www.conversasdocoracao.com.br\/blog\/wp-json\/wp\/v2\/users\/2"}],"replies":[{"embeddable":true,"href":"https:\/\/www.conversasdocoracao.com.br\/blog\/wp-json\/wp\/v2\/comments?post=2250"}],"version-history":[{"count":6,"href":"https:\/\/www.conversasdocoracao.com.br\/blog\/wp-json\/wp\/v2\/posts\/2250\/revisions"}],"predecessor-version":[{"id":2256,"href":"https:\/\/www.conversasdocoracao.com.br\/blog\/wp-json\/wp\/v2\/posts\/2250\/revisions\/2256"}],"wp:attachment":[{"href":"https:\/\/www.conversasdocoracao.com.br\/blog\/wp-json\/wp\/v2\/media?parent=2250"}],"wp:term":[{"taxonomy":"category","embeddable":true,"href":"https:\/\/www.conversasdocoracao.com.br\/blog\/wp-json\/wp\/v2\/categories?post=2250"},{"taxonomy":"post_tag","embeddable":true,"href":"https:\/\/www.conversasdocoracao.com.br\/blog\/wp-json\/wp\/v2\/tags?post=2250"}],"curies":[{"name":"wp","href":"https:\/\/api.w.org\/{rel}","templated":true}]}}