{"id":2285,"date":"2021-07-18T21:44:25","date_gmt":"2021-07-19T00:44:25","guid":{"rendered":"https:\/\/www.conversasdocoracao.com.br\/blog\/?p=2285"},"modified":"2021-07-18T22:38:39","modified_gmt":"2021-07-19T01:38:39","slug":"aviso-do-inconsciente-mensagem-simbolica","status":"publish","type":"post","link":"https:\/\/www.conversasdocoracao.com.br\/blog\/2021\/07\/18\/aviso-do-inconsciente-mensagem-simbolica\/","title":{"rendered":"AVISO DO INCONSCIENTE! (MENSAGEM SIMB\u00d3LICA)."},"content":{"rendered":"<p>Sonho de Gustavo: Estava com sua filha de trinta anos, no andar de cima do sobrado ensolarado, cheio de boas energias, onde tinham morado com a m\u00e3e e duas irm\u00e3s, durante muitos anos. Vista para a serra. Muito verde ao redor. Maritacas, muito frequentes naquela regi\u00e3o, cantavam em coro, orquestradas pelo vento. No sonho, por\u00e9m, a sensa\u00e7\u00e3o era outra. Sensa\u00e7\u00e3o de vazio! Estava noite. Sil\u00eancio. Luzes acesas onde estavam. S\u00f3 Gustavo e sua filha na sala do piso superior. A parte t\u00e9rrea da casa, totalmente escura. Gustavo ouve um barulho vindo de l\u00e1. Se assusta! Imediatamente pensa em assaltantes. Cora\u00e7\u00e3o dispara. Cautelosamente, desce as escadas para ver o que estava acontecendo. Enquanto isso, sua filha Ariane permanece no andar de cima. Gustavo abre a porta da sala do andar t\u00e9rreo, cuidadosamente. A luz da rua entra pelas frestas iluminando parcialmente o ambiente. Espia! Olha para todos os lados do quintal. Percebe que folhas ca\u00eddas faziam ru\u00eddos, movimentadas pela ventania que estava come\u00e7ando. Imediatamente fecha a porta com trancas e puxa os cantos das cortinas das janelas, fechando-as completamente. (Acordou)!<\/p>\n<p>Descri\u00e7\u00e3o de Gustavo:\u00a0 Homem maduro. Inteligente. Machista, sens\u00edvel e articulado. Car\u00e1ter extremamente r\u00edgido. Muitos conflitos entre o racional e o emocional. Dificuldades intensas em ser espont\u00e2neo e natural. Sem se perceber, muitas defesas fazem seu comportamento fora de casa ser extremamente gentil e falso com ele mesmo. Isso lhe acarreta uma cis\u00e3o entre o que faz e o que realmente deseja. Medo de ser rejeitado! &#8220;Baixa auto estima&#8221;. Tend\u00eancia a super valorizar os outros! Em contra partida, no ambiente intimo, solta as feras! Ali, compensa\u00a0 as conten\u00e7\u00f5es que se imp\u00f5e no ambiente social. Exageradamente cr\u00edtico e \u00e1cido. Qualidades que desenvolveu por intensas raivas e humilha\u00e7\u00f5es contidas. &#8220;Exige dos \u00edntimos o que sente que exigiram dele mesmo&#8221;! Desta forma alimenta a sua neurose (conflito inconsciente). Assim vai vivendo insatisfeito e descompensado energeticamente.<\/p>\n<p>Interpreta\u00e7\u00e3o: Gustavo est\u00e1 num momento de tomar decis\u00f5es importantes em sua vida. Construir mudan\u00e7as radicais ou continuar patinando nas neuroses cristalizadas. Precisa conversar com sua primeira natureza. Apropriar-se de sua realidade, saudavelmente. O sonho traz Ariane, sua filha, t\u00e3o carente quanto ele. Ambos no andar de cima (precisando se auto cuidarem). Est\u00e3o sozinhos, sem contato com o ch\u00e3o! O andar de baixo est\u00e1 escuro (contato com o ch\u00e3o). Ch\u00e3o d\u00e1 seguran\u00e7a! Inseguros com o barulho. Gustavo desce cautelosamente. Abre a porta, luz da rua ilumina a sala (enfrentamento). Percebe que o barulho que ouviu era das folhas esvoa\u00e7ando. &#8220;Fecha a porta e os cantos da cortina&#8221;: defesa (medo de ser visto)!. Risco do que isto significa \u00e0 sua vida.<\/p>\n<p>Momento de vida: Gustavo vive um intenso conflito. Empres\u00e1rio bem sucedido, tem um s\u00f3cio, de temperamento controlador, mais r\u00edgido do que Gustavo, ainda. Quer morrer trabalhando, \u00fanico prazer de sua vida! Na empresa, age como se fosse o presidente. O \u00fanico dono! Seu ego \u00e9 maior que suas habilidades e fun\u00e7\u00f5es. Disfar\u00e7a bem! Aos incautos,\u00a0 pega de surpresa, induzindo ao caminho que quer. Sempre na inten\u00e7\u00e3o de n\u00e3o &#8220;perder o seu brinquedo&#8221;. N\u00e3o quer vender a empresa de jeito nenhum.. Isso representa um grande conflito para Gustavo. Ele, ambivalente, tem grandes preocupa\u00e7\u00f5es em gerar conflito na sociedade. (Inseguran\u00e7a). N\u00e3o consegue ser claro e transparente o suficiente e expressar que n\u00e3o d\u00e1 mais. Quer realizar voos sonhados, conectados ao seu emocional h\u00e1 tempos! Por outro lado, tem muita dificuldade em vender a empresa, constru\u00e7\u00e3o de sua vida, mesmo j\u00e1 tendo sentido nas v\u00edsceras que, sem isso, n\u00e3o ser\u00e1 poss\u00edvel sua realiza\u00e7\u00e3o plena. Gustavo sente que o fator tempo est\u00e1 correndo contra seus anseios. Conflito instalado!<\/p>\n<p>Processo terap\u00eautico: Trabalho em seus tra\u00e7os de car\u00e1ter.\u00a0 Traumas, estresses em sua hist\u00f3ria de vida. Tentar integrar seu emocional com a sua realidade. Desconstruir os\u00a0 medos, inseguran\u00e7as, raivas contidas &#8220;teias de aranhas&#8221;. FAZER AS PAZES COM O CORA\u00c7\u00c3O!<\/p>\n","protected":false},"excerpt":{"rendered":"<p>Sonho de Gustavo: Estava com sua filha de trinta anos, no andar de cima do sobrado ensolarado, cheio de boas energias, onde tinham morado com a m\u00e3e e duas irm\u00e3s, durante muitos anos. Vista para a serra. Muito verde ao redor. Maritacas, muito frequentes naquela regi\u00e3o, cantavam em coro, orquestradas pelo vento. No sonho, por\u00e9m, &hellip; <a href=\"https:\/\/www.conversasdocoracao.com.br\/blog\/2021\/07\/18\/aviso-do-inconsciente-mensagem-simbolica\/\" class=\"more-link\">Continue lendo<span class=\"screen-reader-text\"> &#8220;AVISO DO INCONSCIENTE! (MENSAGEM SIMB\u00d3LICA).&#8221;<\/span><\/a><\/p>\n","protected":false},"author":2,"featured_media":0,"comment_status":"closed","ping_status":"closed","sticky":false,"template":"","format":"standard","meta":[],"categories":[1],"tags":[],"_links":{"self":[{"href":"https:\/\/www.conversasdocoracao.com.br\/blog\/wp-json\/wp\/v2\/posts\/2285"}],"collection":[{"href":"https:\/\/www.conversasdocoracao.com.br\/blog\/wp-json\/wp\/v2\/posts"}],"about":[{"href":"https:\/\/www.conversasdocoracao.com.br\/blog\/wp-json\/wp\/v2\/types\/post"}],"author":[{"embeddable":true,"href":"https:\/\/www.conversasdocoracao.com.br\/blog\/wp-json\/wp\/v2\/users\/2"}],"replies":[{"embeddable":true,"href":"https:\/\/www.conversasdocoracao.com.br\/blog\/wp-json\/wp\/v2\/comments?post=2285"}],"version-history":[{"count":9,"href":"https:\/\/www.conversasdocoracao.com.br\/blog\/wp-json\/wp\/v2\/posts\/2285\/revisions"}],"predecessor-version":[{"id":2298,"href":"https:\/\/www.conversasdocoracao.com.br\/blog\/wp-json\/wp\/v2\/posts\/2285\/revisions\/2298"}],"wp:attachment":[{"href":"https:\/\/www.conversasdocoracao.com.br\/blog\/wp-json\/wp\/v2\/media?parent=2285"}],"wp:term":[{"taxonomy":"category","embeddable":true,"href":"https:\/\/www.conversasdocoracao.com.br\/blog\/wp-json\/wp\/v2\/categories?post=2285"},{"taxonomy":"post_tag","embeddable":true,"href":"https:\/\/www.conversasdocoracao.com.br\/blog\/wp-json\/wp\/v2\/tags?post=2285"}],"curies":[{"name":"wp","href":"https:\/\/api.w.org\/{rel}","templated":true}]}}