{"id":2300,"date":"2021-07-28T19:05:40","date_gmt":"2021-07-28T22:05:40","guid":{"rendered":"https:\/\/www.conversasdocoracao.com.br\/blog\/?p=2300"},"modified":"2021-07-28T19:05:40","modified_gmt":"2021-07-28T22:05:40","slug":"alzheimer-alteracao-na-memoria-e-comportamento","status":"publish","type":"post","link":"https:\/\/www.conversasdocoracao.com.br\/blog\/2021\/07\/28\/alzheimer-alteracao-na-memoria-e-comportamento\/","title":{"rendered":"ALZHEIMER! (ALTERA\u00c7\u00c3O NA MEM\u00d3RIA E COMPORTAMENTO.)."},"content":{"rendered":"<p>Francisco, sempre foi um rapaz fora de s\u00e9rie. Quando jovem, jogava bola como ningu\u00e9m. Atacante do time, Chiquinho come\u00e7ou num time de v\u00e1rzea e, descoberto por um olheiro, transformou-se num grande profissional. Aos dezoito anos j\u00e1 era muito valorizado no meio futebol\u00edstico. Fechou contratos importantes no decorrer da carreira. Aos trinta anos tinha armazenado um bom dinheiro, gra\u00e7as ao pai, seu empres\u00e1rio. Soube administrar seus ganhos. O poder e o sucesso n\u00e3o afetaram seu car\u00e1ter equilibrado, ao contr\u00e1rio do que normalmente acontece com jogadores. Esteva em plena carreira, j\u00e1 com trinta e dois anos, quando sofreu um acidente de carro que o excluiu, definitivamente, da carreira de futebol. Sofreu. Traumatizante para ele! Como tinha boa estrutura emocional n\u00e3o se entregou. Organizou-se! Depois de pouco tempo abriu uma empresa na \u00e1rea de &#8220;equipamentos eletr\u00f4nicos&#8221; com economias acumuladas. Contratou gente de peso.\u00a0 Empenhou-se. Era determinado. Estudou\u00a0 tudo sobre o assunto. Buscou parcerias especializadas. Assumiu um s\u00f3cio minorit\u00e1rio, amigo antigo e seu admirador. Depois de quatro anos de muito trabalho, come\u00e7ou a receber os frutos. Vida mais tranquila! Apaixonou-se por Jasmim. Conheceu-a no meio profissional. &#8220;Era realmente uma flor aquela menina&#8221;! Casou-se. Seu lar foi colorido por duas filhas, Joana e Laura. Paix\u00f5es de sua vida, al\u00e9m de sua mulher, claro. O tempo passou! Francisco trabalhando mais do que devia. Centralizador. Tinha dificuldades em delegar. Tra\u00e7o espertamente muito explorado pelo s\u00f3cio e ger\u00eancias. &#8220;Facilitava a vida deles&#8221;! Na verdade ele trabalhava por todos. Era sempre ele que resolvia os maiores problemas. Al\u00e9m do mais, era muito humilde. N\u00e3o se apropriava de seus feitos. Sempre dividia\u00a0 conquistas, sem cobrar maior participa\u00e7\u00e3o dos integrantes de primeira linha. Desgastava-se demais. Muitas vezes, ficava em seu limite energ\u00e9tico m\u00ednimo sem se dar conta. Vivia descompensado pelo excesso de trabalho e preocupa\u00e7\u00e3o. Dores no est\u00f4mago. Baixa glicemia. Tomava l\u00e1 seus rem\u00e9dios e dava um jeito provis\u00f3rio nessas rea\u00e7\u00f5es org\u00e2nicas. Assim o tempo foi passando. Al\u00e9m do desgaste f\u00edsico do futebol, acumulou tamb\u00e9m intensos estresses de sua atua\u00e7\u00e3o na \u00e1rea executiva.\u00a0 Com cinquenta e dois anos come\u00e7aram a surgir dores intensas nas articula\u00e7\u00f5es, comprometendo-o profissionalmente, mais uma vez. Concomitantemente, seus reflexos foram ficando mais lentos que o normal para a sua idade. Resistiu muito em aceitar essa realidade. N\u00e3o se conformava. &#8220;N\u00e3o tinha hist\u00f3ria gen\u00e9tica para isso!&#8221;. Assustado, tentava disfar\u00e7ar os problemas, esfor\u00e7ando-se para parecer normal. (Reflexo \u00e9 uma rea\u00e7\u00e3o corporal autom\u00e1tica, imediata e constate. Uma les\u00e3o que interrompe o arco reflexo em qualquer uma de suas partes pode provocar perda do reflexo. Estruturas encef\u00e1licas podem exercer a\u00e7\u00e3o inibit\u00f3ria ou estimulante sobre os reflexos). Como estava ganhando peso muito r\u00e1pido, suspeitou-se que poderia ser &#8220;hipotireoidismo&#8221;. Essa possibilidade foi descartada. Depois de uma bateria de exames e de uma resson\u00e2ncia magn\u00e9tica cerebral, foi diagnosticado com in\u00edcio de &#8220;ALZHEIMER PRECOCE&#8221;. Iniciou tratamento cl\u00ednico pra melhorar\u00a0 sintomas e a qualidade de vida. Foram indicados muitos exerc\u00edcios aer\u00f3bicos, de for\u00e7a, equil\u00edbrio e coordena\u00e7\u00e3o. Exerc\u00edcios em grupo, como caminhada, corrida, hidrogin\u00e1stica, nata\u00e7\u00e3o, s\u00e3o eficazes tanto f\u00edsica quanto emocionalmente. (Vida natural e menos estresses facilitam a circula\u00e7\u00e3o energ\u00e9tica). Como tratamento adicional, foi sugerida a utiliza\u00e7\u00e3o do \u00f3leo de cannabis. Estudos apontam que ele ajuda a conter a forma\u00e7\u00e3o de beta-amil\u00f3ide no c\u00e9rebro (fibra proteica pegajosa que se junta rapidamente e forma placas prejudiciais\u00a0 ao funcionamento da regi\u00e3o onde \u00e9 formada). Sua fam\u00edlia unida contra esse monstro invis\u00edvel deu a maior for\u00e7a a Francisco. Com a introdu\u00e7\u00e3o desse novo estilo de vida, cheio de esportes, respira\u00e7\u00e3o e alimenta\u00e7\u00e3o saud\u00e1vel, uma nova esperan\u00e7a nasceu. Jasmim, Joana e Laura bolaram um programa legal em fam\u00edlia. Resolveram fazer do lim\u00e3o, limonada! Divertiam-se, brincavam e trabalhavam respira\u00e7\u00e3o em grupo. Duas vezes por semana. O clima de doen\u00e7a foi dando espa\u00e7o a uma nova vida. Al\u00e9m disso, Francisco foi fazer terapia num grupo masculino. L\u00e1 transformou-se numa nova pessoa. A neurose e a doen\u00e7a perderam espa\u00e7o. Articulava emo\u00e7\u00f5es, pensamentos, sensa\u00e7\u00f5es, explorando e expandindo sua capacidade cerebral. Fazia parte trabalhar sonhos e alegria de viver. Voltava de l\u00e1 renovado! Come\u00e7ou a fazer quadros coloridos e cobi\u00e7ados. Conquistou um p\u00fablico. Fez exposi\u00e7\u00f5es. Muito entusiasmado com a nova vida, ningu\u00e9m o reconhecia mais! Essa nova fase possibilitou descobertas e renascimentos inesperados. Voltou a sentir a vida melhor do que antes! Centrado. Aut\u00eantico. Parece que descobriu que n\u00e3o precisa mais responder \u00e0s expectativas do outro. Noutro dia comentou com a Jasmim: NUNCA SENTI TANTO O TEU PERFUME!<\/p>\n","protected":false},"excerpt":{"rendered":"<p>Francisco, sempre foi um rapaz fora de s\u00e9rie. Quando jovem, jogava bola como ningu\u00e9m. Atacante do time, Chiquinho come\u00e7ou num time de v\u00e1rzea e, descoberto por um olheiro, transformou-se num grande profissional. Aos dezoito anos j\u00e1 era muito valorizado no meio futebol\u00edstico. Fechou contratos importantes no decorrer da carreira. Aos trinta anos tinha armazenado um &hellip; <a href=\"https:\/\/www.conversasdocoracao.com.br\/blog\/2021\/07\/28\/alzheimer-alteracao-na-memoria-e-comportamento\/\" class=\"more-link\">Continue lendo<span class=\"screen-reader-text\"> &#8220;ALZHEIMER! (ALTERA\u00c7\u00c3O NA MEM\u00d3RIA E COMPORTAMENTO.).&#8221;<\/span><\/a><\/p>\n","protected":false},"author":2,"featured_media":0,"comment_status":"closed","ping_status":"closed","sticky":false,"template":"","format":"standard","meta":[],"categories":[1],"tags":[],"_links":{"self":[{"href":"https:\/\/www.conversasdocoracao.com.br\/blog\/wp-json\/wp\/v2\/posts\/2300"}],"collection":[{"href":"https:\/\/www.conversasdocoracao.com.br\/blog\/wp-json\/wp\/v2\/posts"}],"about":[{"href":"https:\/\/www.conversasdocoracao.com.br\/blog\/wp-json\/wp\/v2\/types\/post"}],"author":[{"embeddable":true,"href":"https:\/\/www.conversasdocoracao.com.br\/blog\/wp-json\/wp\/v2\/users\/2"}],"replies":[{"embeddable":true,"href":"https:\/\/www.conversasdocoracao.com.br\/blog\/wp-json\/wp\/v2\/comments?post=2300"}],"version-history":[{"count":5,"href":"https:\/\/www.conversasdocoracao.com.br\/blog\/wp-json\/wp\/v2\/posts\/2300\/revisions"}],"predecessor-version":[{"id":2306,"href":"https:\/\/www.conversasdocoracao.com.br\/blog\/wp-json\/wp\/v2\/posts\/2300\/revisions\/2306"}],"wp:attachment":[{"href":"https:\/\/www.conversasdocoracao.com.br\/blog\/wp-json\/wp\/v2\/media?parent=2300"}],"wp:term":[{"taxonomy":"category","embeddable":true,"href":"https:\/\/www.conversasdocoracao.com.br\/blog\/wp-json\/wp\/v2\/categories?post=2300"},{"taxonomy":"post_tag","embeddable":true,"href":"https:\/\/www.conversasdocoracao.com.br\/blog\/wp-json\/wp\/v2\/tags?post=2300"}],"curies":[{"name":"wp","href":"https:\/\/api.w.org\/{rel}","templated":true}]}}