{"id":2307,"date":"2021-08-01T15:15:29","date_gmt":"2021-08-01T18:15:29","guid":{"rendered":"https:\/\/www.conversasdocoracao.com.br\/blog\/?p=2307"},"modified":"2021-08-01T19:36:56","modified_gmt":"2021-08-01T22:36:56","slug":"quero-paz-conturbacao","status":"publish","type":"post","link":"https:\/\/www.conversasdocoracao.com.br\/blog\/2021\/08\/01\/quero-paz-conturbacao\/","title":{"rendered":"QUERO PAZ! (CONTURBA\u00c7\u00c3O)."},"content":{"rendered":"<p>N\u00e3o me venha com suas lam\u00farias disfar\u00e7adas escurecer o meu olhar. Voc\u00ea representa nuvem que antecede tempestade. Mal se aproxima a paz vai embora. Um inferno! Sua hist\u00f3ria de abandono e rejei\u00e7\u00e3o justifica atitudes destrutivas que voc\u00ea sempre expressou diante da vida. Voc\u00ea nunca cuidou disso! Tentei de todas as formas lhe ajudar. At\u00e9 indiquei terapia. Muitas vezes parecia um louco. N\u00e3o deu! Seu vampirismo sugava minha energia. Da \u00faltima vez tinha jurado que n\u00e3o lhe daria mais nenhuma chance. &#8220;Insanidade mascarada de amor&#8221;! Rasguei sua m\u00e1scara. Deparei com muita raiva e ego\u00edsmo. Impressionante! Assustou minha alma serena. Decidida, exclui voc\u00ea de minha vida. N\u00e3o foi nada f\u00e1cil! Sentimento forte, mesclado de m\u00e1goa e amor, sem norte, me afligindo por longo per\u00edodo. Num primeiro momento parecia que meu peito iria explodir.\u00a0 Sorrateiro, esse sentimento enganou meu consciente. Escondeu-se num ponto desconhecido de meu ser. Queria se proteger da dor. N\u00e3o podia mais se expor. Desestabilizou minha energia org\u00e2nica completamente. Adoeci. Chorei. Chorei muito. Lavei a alma! Demorei um bom tempo pra recuperar a sa\u00fade mental e meu equil\u00edbrio. Enfim, resgatei o amor pr\u00f3prio! Meu cora\u00e7\u00e3o menino recome\u00e7ou a sonhar novamente. Liberto e maroto, n\u00e3o quis mais saber do que sofreu. Queria viver! Agora, no meio desse baile animado da vida, onde ritmos se alternam entre samba, valsa, jazz, voc\u00ea reaparece em meu c\u00e9u. Nova m\u00e1scara. Novas promessas. Brotou uma sensa\u00e7\u00e3o ambivalente &#8220;amor e medo&#8221;! Nuvens amea\u00e7adoras ressurgiram! S\u00f3 de imaginar tempestades se reaproximando, o sangue gelou! Frio na barriga. Fiquei esperta. N\u00e3o me permiti errar novamente. Prestei mais aten\u00e7\u00e3o em meu cora\u00e7\u00e3o. N\u00e3o dispensei o c\u00e9rebro. Desta vez voc\u00ea me pegou mais integrada. Suas falas e xavecos,\u00a0 enfraqueceram. N\u00e3o me seduzem mais. Estranhei voc\u00ea! N\u00e3o o quero mais. Meu sistema reptiliano repetiu forte: N\u00c3O!N\u00c3O! N\u00c3O!<\/p>\n","protected":false},"excerpt":{"rendered":"<p>N\u00e3o me venha com suas lam\u00farias disfar\u00e7adas escurecer o meu olhar. Voc\u00ea representa nuvem que antecede tempestade. Mal se aproxima a paz vai embora. Um inferno! Sua hist\u00f3ria de abandono e rejei\u00e7\u00e3o justifica atitudes destrutivas que voc\u00ea sempre expressou diante da vida. Voc\u00ea nunca cuidou disso! Tentei de todas as formas lhe ajudar. At\u00e9 indiquei &hellip; <a href=\"https:\/\/www.conversasdocoracao.com.br\/blog\/2021\/08\/01\/quero-paz-conturbacao\/\" class=\"more-link\">Continue lendo<span class=\"screen-reader-text\"> &#8220;QUERO PAZ! (CONTURBA\u00c7\u00c3O).&#8221;<\/span><\/a><\/p>\n","protected":false},"author":2,"featured_media":0,"comment_status":"closed","ping_status":"closed","sticky":false,"template":"","format":"standard","meta":[],"categories":[1],"tags":[],"_links":{"self":[{"href":"https:\/\/www.conversasdocoracao.com.br\/blog\/wp-json\/wp\/v2\/posts\/2307"}],"collection":[{"href":"https:\/\/www.conversasdocoracao.com.br\/blog\/wp-json\/wp\/v2\/posts"}],"about":[{"href":"https:\/\/www.conversasdocoracao.com.br\/blog\/wp-json\/wp\/v2\/types\/post"}],"author":[{"embeddable":true,"href":"https:\/\/www.conversasdocoracao.com.br\/blog\/wp-json\/wp\/v2\/users\/2"}],"replies":[{"embeddable":true,"href":"https:\/\/www.conversasdocoracao.com.br\/blog\/wp-json\/wp\/v2\/comments?post=2307"}],"version-history":[{"count":7,"href":"https:\/\/www.conversasdocoracao.com.br\/blog\/wp-json\/wp\/v2\/posts\/2307\/revisions"}],"predecessor-version":[{"id":2314,"href":"https:\/\/www.conversasdocoracao.com.br\/blog\/wp-json\/wp\/v2\/posts\/2307\/revisions\/2314"}],"wp:attachment":[{"href":"https:\/\/www.conversasdocoracao.com.br\/blog\/wp-json\/wp\/v2\/media?parent=2307"}],"wp:term":[{"taxonomy":"category","embeddable":true,"href":"https:\/\/www.conversasdocoracao.com.br\/blog\/wp-json\/wp\/v2\/categories?post=2307"},{"taxonomy":"post_tag","embeddable":true,"href":"https:\/\/www.conversasdocoracao.com.br\/blog\/wp-json\/wp\/v2\/tags?post=2307"}],"curies":[{"name":"wp","href":"https:\/\/api.w.org\/{rel}","templated":true}]}}