{"id":2344,"date":"2021-08-23T23:22:13","date_gmt":"2021-08-24T02:22:13","guid":{"rendered":"https:\/\/www.conversasdocoracao.com.br\/blog\/?p=2344"},"modified":"2023-10-08T18:09:22","modified_gmt":"2023-10-08T21:09:22","slug":"nao-era-hora-de-partir-esperanca","status":"publish","type":"post","link":"https:\/\/www.conversasdocoracao.com.br\/blog\/2021\/08\/23\/nao-era-hora-de-partir-esperanca\/","title":{"rendered":"N\u00c3O ERA HORA DE PARTIR! (ESPERAN\u00c7A)."},"content":{"rendered":"<p>Todas as manh\u00e3s a mesma rotina. Pontualmente, sete horas e trinta minutos, l\u00e1 estava eu passando pela\u00a0 pra\u00e7a da Avenida Joaquina. Arborizada, florida, linda!\u00a0 Alguns ip\u00eas amarelos tamb\u00e9m alegravam o caminho. Nos dias ensolarados havia mais encanto ainda. Presente dourado\u00a0 oferecido pela\u00a0 natureza ! Essa alameda ficava bem pertinho da biblioteca onde eu trabalhava como bibliotec\u00e1rio. Assim que me formei, conquistei esse emprego. Foi festa. Grande sonho daquele momento de vida! Sentia tanto prazer no trabalho que nem percebia o tempo passar. Adorava ler sobre plantas e suas diversidades e todos os temas ligados \u00e0 agricultura. Sempre buscava\u00a0 novidades sobre esses assuntos. Ali havia grandes obras. Sentia-me afortunado. Um verdadeiro privilegio. Assim que surgia um tempinho, aproveitava e ia correndo procurar lan\u00e7amentos interessantes. Num desses momentos, folheando um livro\u00a0 relacionado \u00e0 diversidade da &#8220;Floresta Amaz\u00f4nica&#8221;,\u00a0 considerada a maior biodiversidade do planeta. Muito absorto e surpreso com a cita\u00e7\u00e3o das milhares de esp\u00e9cies de plantas, mam\u00edferos, anf\u00edbios, p\u00e1ssaros e peixes. Distra\u00eddo,\u00a0 folheando as p\u00e1ginas, ouvi uma\u00a0 meiga voz, dirigindo-se a mim. Desfoquei minha aten\u00e7\u00e3o! Levantei a cabe\u00e7a e avistei uma figura iluminada. Indagou- me sobre refer\u00eancias recentes do tema que eu estava folheando. Esbo\u00e7ando um sorriso pela coincid\u00eancia, entreguei-lhe o livro. Era uma tarde de quinta feira. Primavera! Sol ameno invadia as janelas da biblioteca.\u00a0 Foi assim que conheci &#8220;Esperan\u00e7a&#8221;! Estudante de agronomia. Mais ou menos vinte e cinco anos de idade. Introspectiva. Rosto s\u00e9rio. Cara de intelectual. Num cenho acentuado, as sobrancelhas moldavam um par de olhos extremamente expressivos e sonhadores. Seus olhos, ainda que doces, escondiam um jeito r\u00edgido de ser. N\u00e3o se encaixavam naquele rosto de express\u00e3o t\u00e3o s\u00e9ria. Hoje, passado quatro meses, entendo diferente aquela express\u00e3o r\u00edgida! Por tr\u00e1s daquela rigidez\u00a0 e introspec\u00e7\u00e3o, se escondia uma menina insegura e sonhadora. Era sua defesa! Talvez tenha tido uma educa\u00e7\u00e3o severa. Quem sabe! Esperan\u00e7a era linda. Cabelos longos e cacheados, de um castanho brilhante. Tinha o h\u00e1bito de jog\u00e1-lo para tr\u00e1s com as m\u00e3os, enquanto eu puxava conversa com ela. Era um charme! Come\u00e7ou a frequentar a biblioteca. com assiduidade. Adorava o momento em que ela chegava. Eu fantasiando cenas incr\u00edveis entre n\u00f3s. Ela nunca baixou a guarda. Inacess\u00edvel! Acho que esse fato me excitava ainda mais. Quantos sonhos noturnos invadidos por Esperan\u00e7a! Fiquei viciado em aguardar sua chegada todas as quintas feiras, \u00e0 tarde. Parecia que ela e os ip\u00eas entravam juntos. Tanta luminosidade. Tamanha a energia,\u00a0 colorindo minhas emo\u00e7\u00f5es! Menina mulher\u00a0 emanando perfume agridoce, aromas que mexiam em meus desejos inconfessos. Essa contradi\u00e7\u00e3o entre seu olhar e atitude tornou-se um mist\u00e9rio envolvente. Apaixonei-me, perdidamente, por aquela menina. At\u00e9 meio obsessivo. J\u00e1 n\u00e3o era normal pensar nela do jeito que eu pensava.\u00a0 Vinte e quatro horas por dia. &#8220;Eu era Esperan\u00e7a&#8221;. Brigava comigo mesmo com raiva daquela depend\u00eancia emocional que controlava os meus sentidos, sem receber o menor retorno de Esperan\u00e7a. &#8220;Quintas feiras virou\u00a0 paranoia&#8221;! Acordava feliz. Tomava um banho cheiroso. Escolhia uma roupa que encaixasse com o colorido daquele dia. Treinava express\u00f5es sedutoras frente ao espelho, para conquistar Esperan\u00e7a.\u00a0 Queria aquela menina para mim! Assim, o tempo foi passando. Eu sonhando como um adolescente. At\u00e9 que numa quinta feira quente, in\u00edcio de ver\u00e3o, Esperan\u00e7a n\u00e3o chegou. Gelei! Fiquei angustiado! Ansioso. Esperei-a em todas as\u00a0 quintas seguintes. Qual nada! Esperan\u00e7a sumiu. Sem deixar\u00a0 rastros. Sofri a perda de uma grande paix\u00e3o. Pensei em\u00a0 morrer. Saudades de seu olhar triste e sonhador. Foi cruel ter\u00a0 sonho destru\u00eddo. Dia destes, num repente, enquanto trabalhava, senti seu cheiro passeando por l\u00e1. Meu cora\u00e7\u00e3o disparou. Corri como um doido at\u00e9 o cantinho em que ela\u00a0 gostava de ler. Decep\u00e7\u00e3o inconsol\u00e1vel. At\u00e9 duvidei de mim. Ser\u00e1 que enlouqueci? Seria fruto de minha imagina\u00e7\u00e3o? N\u00e3o havia nem sombra dela. S\u00f3 que sentia o aroma agridoce emanando daquele canto.\u00a0 Sei l\u00e1. Ultimamente a saudade anda me intimando:- CORRE ATR\u00c1S DA ESPERAN\u00c7A SEN\u00c3O TE MATO!<\/p>\n","protected":false},"excerpt":{"rendered":"<p>Todas as manh\u00e3s a mesma rotina. Pontualmente, sete horas e trinta minutos, l\u00e1 estava eu passando pela\u00a0 pra\u00e7a da Avenida Joaquina. Arborizada, florida, linda!\u00a0 Alguns ip\u00eas amarelos tamb\u00e9m alegravam o caminho. Nos dias ensolarados havia mais encanto ainda. Presente dourado\u00a0 oferecido pela\u00a0 natureza ! Essa alameda ficava bem pertinho da biblioteca onde eu trabalhava como &hellip; <a href=\"https:\/\/www.conversasdocoracao.com.br\/blog\/2021\/08\/23\/nao-era-hora-de-partir-esperanca\/\" class=\"more-link\">Continue lendo<span class=\"screen-reader-text\"> &#8220;N\u00c3O ERA HORA DE PARTIR! (ESPERAN\u00c7A).&#8221;<\/span><\/a><\/p>\n","protected":false},"author":2,"featured_media":0,"comment_status":"closed","ping_status":"closed","sticky":false,"template":"","format":"standard","meta":[],"categories":[1],"tags":[],"_links":{"self":[{"href":"https:\/\/www.conversasdocoracao.com.br\/blog\/wp-json\/wp\/v2\/posts\/2344"}],"collection":[{"href":"https:\/\/www.conversasdocoracao.com.br\/blog\/wp-json\/wp\/v2\/posts"}],"about":[{"href":"https:\/\/www.conversasdocoracao.com.br\/blog\/wp-json\/wp\/v2\/types\/post"}],"author":[{"embeddable":true,"href":"https:\/\/www.conversasdocoracao.com.br\/blog\/wp-json\/wp\/v2\/users\/2"}],"replies":[{"embeddable":true,"href":"https:\/\/www.conversasdocoracao.com.br\/blog\/wp-json\/wp\/v2\/comments?post=2344"}],"version-history":[{"count":18,"href":"https:\/\/www.conversasdocoracao.com.br\/blog\/wp-json\/wp\/v2\/posts\/2344\/revisions"}],"predecessor-version":[{"id":2969,"href":"https:\/\/www.conversasdocoracao.com.br\/blog\/wp-json\/wp\/v2\/posts\/2344\/revisions\/2969"}],"wp:attachment":[{"href":"https:\/\/www.conversasdocoracao.com.br\/blog\/wp-json\/wp\/v2\/media?parent=2344"}],"wp:term":[{"taxonomy":"category","embeddable":true,"href":"https:\/\/www.conversasdocoracao.com.br\/blog\/wp-json\/wp\/v2\/categories?post=2344"},{"taxonomy":"post_tag","embeddable":true,"href":"https:\/\/www.conversasdocoracao.com.br\/blog\/wp-json\/wp\/v2\/tags?post=2344"}],"curies":[{"name":"wp","href":"https:\/\/api.w.org\/{rel}","templated":true}]}}