{"id":2362,"date":"2021-08-28T22:18:45","date_gmt":"2021-08-29T01:18:45","guid":{"rendered":"https:\/\/www.conversasdocoracao.com.br\/blog\/?p=2362"},"modified":"2021-08-29T15:17:53","modified_gmt":"2021-08-29T18:17:53","slug":"fim-do-mundo-delirio","status":"publish","type":"post","link":"https:\/\/www.conversasdocoracao.com.br\/blog\/2021\/08\/28\/fim-do-mundo-delirio\/","title":{"rendered":"FIM DO MUNDO! (DEL\u00cdRIO)."},"content":{"rendered":"<p>Sensa\u00e7\u00e3o de bola de fogo baixando sobre a terra. Sol ardente. Queimava. Queimava muito! Elise n\u00e3o aguentava mais! Calor intenso vindo por todos os lados. Caminhava no deserto. Areias brancas e finas. T\u00e3o brancas. O reflexo do sol sobre elas turvava a vis\u00e3o. Temia que n\u00e3o desse tempo de chegar ao seu destino, embora n\u00e3o tivesse clareza sobre qual seria esse destino. Sabia que tinha uma miss\u00e3o a cumprir, mas, no entanto, tamb\u00e9m n\u00e3o tinha clareza sobre ela! De uma coisa tinha certeza: seria muito importante, vital, para sua evolu\u00e7\u00e3o como ser humano. &#8220;Cumprir a miss\u00e3o&#8221;. S\u00f3 teria consci\u00eancia no fim do caminho! Confusa e culpada, sentia que n\u00e3o organizara prioridades essenciais. &#8220;N\u00e3o podia ter negligenciado assim, meu Deus&#8221;! Agora &#8211; n\u00e3o tinha sa\u00edda &#8211; correria o risco. Foi ent\u00e3o que, pausadamente, observou ao redor. Assustada, percebeu que n\u00e3o havia nem um sinal de vida. &#8220;Nem uma formiga, que fosse&#8221;! Assustou-se! O sol cruel n\u00e3o perdoava. Cabe\u00e7a fervendo (dentro e fora), apesar do chap\u00e9u. Medo acentuado aumentando. Ningu\u00e9m para lhe dar a m\u00e3o. Num impulso de vida, mesmo sem norte, acelera os passos tentando chegar em algum lugar onde se sinta mais segura. Bolhas amea\u00e7adoras estourando nos p\u00e9s. Dor beirando o insuport\u00e1vel! Garganta seca. Sede desesperada. L\u00edngua grudada na boca. Sensa\u00e7\u00e3o de estar colada. Respira\u00e7\u00e3o curta e acelerada. Pensamentos confusos, enlouquecedores. Vis\u00f5es de aranhas imensas voando em sua dire\u00e7\u00e3o; outras vezes, borboletas transformando-se em monstros carn\u00edvoros querendo atac\u00e1-la. Seu racional reagiu na tentativa de sobreviv\u00eancia, recuperando parcialmente a lucidez, como \u00faltimo recurso.\u00a0 Organizou os pensamentos! Tremendo esfor\u00e7o tentando sair daquela situa\u00e7\u00e3o suicida. Essa breve recupera\u00e7\u00e3o n\u00e3o durou muito. Apenas instantes! Quadro mental ca\u00f3tico voltou. Vis\u00e3o cada vez mais emba\u00e7ada. Sombras e vultos! Num mil\u00e9simo de segundo pensou que as vis\u00f5es pudessem ser Anjos Salvadores. &#8220;Anjos e aranhas voadoras&#8221;! Simultaneamente. Duvidou de sua sanidade. Ambival\u00eancia total! Pernas muito bambas, mal conseguia ficar em p\u00e9. Sensa\u00e7\u00e3o de desmaio. E o sol l\u00e1! Causticante, impiedoso, persistindo. Ignorava seu sofrimento! J\u00e1 quase sem vis\u00e3o alguma, fecha os olhos, pisca bem forte, tentando melhorar a cegueira que sente se aproximar. Depois de repetir esse exerc\u00edcio, algumas vezes, como num milagre, consegue vislumbrar bem distante, l\u00e1 no fim das dunas, vultos humanos se movimentando. Instantaneamente se revigora. Quis acreditar naquele vislumbre. &#8220;Sinal de vida se aproximando&#8221;! For\u00e7a absurda emerge das entranhas. Acelera os passos naquela dire\u00e7\u00e3o. Talvez tenha encontrado a sa\u00edda! Nem sente mais a dor insuport\u00e1vel nos p\u00e9s, tamanha a excita\u00e7\u00e3o. Come\u00e7ou salivar vida! Apressou-se. Passos acelerados. De repente se viu correndo. Correndo atr\u00e1s da salva\u00e7\u00e3o! No entanto, foi percebendo alguma coisa estranha no ar. Por mais que corresse n\u00e3o sentia que se aproximava dos vultos avistados. Pior ainda, sensa\u00e7\u00e3o que n\u00e3o tinha sa\u00eddo do mesmo lugar. Pensa em seu desespero: cad\u00ea as pessoas? Esfrega os olhos, agoniada.\u00a0 Impot\u00eancia esmorece de vez o\u00a0 seu corpo. Pernas cambaleiam. Cai na areia escaldante como um saco de areia. Semiconsciente. Tem a sensa\u00e7\u00e3o que uma nuvem enorme e\u00a0 fervente est\u00e1 para cair em sua cabe\u00e7a. Conforme essa nuvem se aproxima, ela consegue vislumbrar uma fuma\u00e7a lil\u00e1s e negra formando a frase\u00a0 &#8220;FIM DO MUNDO!&#8221;. ( ELISE ACORDOU).<\/p>\n","protected":false},"excerpt":{"rendered":"<p>Sensa\u00e7\u00e3o de bola de fogo baixando sobre a terra. Sol ardente. Queimava. Queimava muito! Elise n\u00e3o aguentava mais! Calor intenso vindo por todos os lados. Caminhava no deserto. Areias brancas e finas. T\u00e3o brancas. O reflexo do sol sobre elas turvava a vis\u00e3o. Temia que n\u00e3o desse tempo de chegar ao seu destino, embora n\u00e3o &hellip; <a href=\"https:\/\/www.conversasdocoracao.com.br\/blog\/2021\/08\/28\/fim-do-mundo-delirio\/\" class=\"more-link\">Continue lendo<span class=\"screen-reader-text\"> &#8220;FIM DO MUNDO! (DEL\u00cdRIO).&#8221;<\/span><\/a><\/p>\n","protected":false},"author":2,"featured_media":0,"comment_status":"closed","ping_status":"closed","sticky":false,"template":"","format":"standard","meta":[],"categories":[1],"tags":[],"_links":{"self":[{"href":"https:\/\/www.conversasdocoracao.com.br\/blog\/wp-json\/wp\/v2\/posts\/2362"}],"collection":[{"href":"https:\/\/www.conversasdocoracao.com.br\/blog\/wp-json\/wp\/v2\/posts"}],"about":[{"href":"https:\/\/www.conversasdocoracao.com.br\/blog\/wp-json\/wp\/v2\/types\/post"}],"author":[{"embeddable":true,"href":"https:\/\/www.conversasdocoracao.com.br\/blog\/wp-json\/wp\/v2\/users\/2"}],"replies":[{"embeddable":true,"href":"https:\/\/www.conversasdocoracao.com.br\/blog\/wp-json\/wp\/v2\/comments?post=2362"}],"version-history":[{"count":7,"href":"https:\/\/www.conversasdocoracao.com.br\/blog\/wp-json\/wp\/v2\/posts\/2362\/revisions"}],"predecessor-version":[{"id":2371,"href":"https:\/\/www.conversasdocoracao.com.br\/blog\/wp-json\/wp\/v2\/posts\/2362\/revisions\/2371"}],"wp:attachment":[{"href":"https:\/\/www.conversasdocoracao.com.br\/blog\/wp-json\/wp\/v2\/media?parent=2362"}],"wp:term":[{"taxonomy":"category","embeddable":true,"href":"https:\/\/www.conversasdocoracao.com.br\/blog\/wp-json\/wp\/v2\/categories?post=2362"},{"taxonomy":"post_tag","embeddable":true,"href":"https:\/\/www.conversasdocoracao.com.br\/blog\/wp-json\/wp\/v2\/tags?post=2362"}],"curies":[{"name":"wp","href":"https:\/\/api.w.org\/{rel}","templated":true}]}}