{"id":2401,"date":"2021-09-30T19:04:17","date_gmt":"2021-09-30T22:04:17","guid":{"rendered":"https:\/\/www.conversasdocoracao.com.br\/blog\/?p=2401"},"modified":"2023-10-03T17:23:51","modified_gmt":"2023-10-03T20:23:51","slug":"imersao-na-loucura-metamorfose","status":"publish","type":"post","link":"https:\/\/www.conversasdocoracao.com.br\/blog\/2021\/09\/30\/imersao-na-loucura-metamorfose\/","title":{"rendered":"IMERS\u00c3O NA FANTASIA! (METAMORFOSE)."},"content":{"rendered":"<p>Sentada na areia. Olhar fixo. Ondas chegam barulhentas. Partem silenciosas. Chegam. Partem. Chegam. E partem&#8230; Incessantemente! N\u00e3o pausam. Nem me ouvem. N\u00e3o querem parir meus desejos. Ignoram meus pedidos. Meus anseios. Nem percebem o tamanho de minha ang\u00fastia. Mar ego\u00edsta. Ondas maldosas. S\u00e1dicas! Imploro para que a energia desse azul se funda \u00e0 minha energia. Elas ignoram. Malditas ondas! Soberanas. Desprezam minha dor. Cora\u00e7\u00e3o aperta no peito. Cinza predomina em mim. Nelas, s\u00f3 o azul. Quase turquesa. Cor preferida do meu amor. L\u00facio \u00e9 turquesa! Sua energia com as pessoas tem esse tom. Comigo? S\u00f3 quando faz amor. Noutros momentos, cinza escuro! Seu cinza \u00e9 contaminante. Minha alma fica cinza tamb\u00e9m. Adoece. S\u00f3 vitaliza quando entra no azul de L\u00facio. Sexo azul\u00a0 turquesa. Enlouquecedor! Pleno. Breve instante de onda azul. Turquesa, tom dos olhos que tiram meu f\u00f4lego. Momento simbi\u00f3tico!\u00a0 Cora\u00e7\u00e3o dispara. Basta seu olhar, que esque\u00e7o de mim! Meus sentidos se envolvem num turquesa inebriante. Dan\u00e7am nas ondas do mar azul. Quase se afogam. Surfam. Enlouquecem. Imploram carinhos. Malditos carinhos. Falsos! Eles n\u00e3o me querem de verdade. Hoje acordei cinza. Estou cinza. Fui contaminada pelo escuro cinza de L\u00facio, assim como ondas do mar em dia de chuva. Seu olhar n\u00e3o me quer mais. Estou carente\u00a0 do azul turquesa que remexe minhas entranhas e me faz sentir viva. Amanheceu um dia ruim! Cinza pincela,\u00a0 cruelmente, minha alma angustiada. Tento aliviar sensa\u00e7\u00f5es difusas olhando para o mar. Resolvo correr em dire\u00e7\u00e3o a ele. Imerjo nas ondas azuis. Perigosas. Envolventes. Quero ser desejada. Possu\u00edda por elas. Ser azul. Azul turquesa. Afogar no profundo azul. QUEIMAR\u00a0 NUM SOL TURQUEZA!<\/p>\n","protected":false},"excerpt":{"rendered":"<p>Sentada na areia. Olhar fixo. Ondas chegam barulhentas. Partem silenciosas. Chegam. Partem. Chegam. E partem&#8230; Incessantemente! N\u00e3o pausam. Nem me ouvem. N\u00e3o querem parir meus desejos. Ignoram meus pedidos. Meus anseios. Nem percebem o tamanho de minha ang\u00fastia. Mar ego\u00edsta. Ondas maldosas. S\u00e1dicas! Imploro para que a energia desse azul se funda \u00e0 minha energia. &hellip; <a href=\"https:\/\/www.conversasdocoracao.com.br\/blog\/2021\/09\/30\/imersao-na-loucura-metamorfose\/\" class=\"more-link\">Continue lendo<span class=\"screen-reader-text\"> &#8220;IMERS\u00c3O NA FANTASIA! (METAMORFOSE).&#8221;<\/span><\/a><\/p>\n","protected":false},"author":2,"featured_media":0,"comment_status":"closed","ping_status":"closed","sticky":false,"template":"","format":"standard","meta":[],"categories":[1],"tags":[],"_links":{"self":[{"href":"https:\/\/www.conversasdocoracao.com.br\/blog\/wp-json\/wp\/v2\/posts\/2401"}],"collection":[{"href":"https:\/\/www.conversasdocoracao.com.br\/blog\/wp-json\/wp\/v2\/posts"}],"about":[{"href":"https:\/\/www.conversasdocoracao.com.br\/blog\/wp-json\/wp\/v2\/types\/post"}],"author":[{"embeddable":true,"href":"https:\/\/www.conversasdocoracao.com.br\/blog\/wp-json\/wp\/v2\/users\/2"}],"replies":[{"embeddable":true,"href":"https:\/\/www.conversasdocoracao.com.br\/blog\/wp-json\/wp\/v2\/comments?post=2401"}],"version-history":[{"count":11,"href":"https:\/\/www.conversasdocoracao.com.br\/blog\/wp-json\/wp\/v2\/posts\/2401\/revisions"}],"predecessor-version":[{"id":2962,"href":"https:\/\/www.conversasdocoracao.com.br\/blog\/wp-json\/wp\/v2\/posts\/2401\/revisions\/2962"}],"wp:attachment":[{"href":"https:\/\/www.conversasdocoracao.com.br\/blog\/wp-json\/wp\/v2\/media?parent=2401"}],"wp:term":[{"taxonomy":"category","embeddable":true,"href":"https:\/\/www.conversasdocoracao.com.br\/blog\/wp-json\/wp\/v2\/categories?post=2401"},{"taxonomy":"post_tag","embeddable":true,"href":"https:\/\/www.conversasdocoracao.com.br\/blog\/wp-json\/wp\/v2\/tags?post=2401"}],"curies":[{"name":"wp","href":"https:\/\/api.w.org\/{rel}","templated":true}]}}