{"id":2424,"date":"2021-10-18T17:24:46","date_gmt":"2021-10-18T20:24:46","guid":{"rendered":"https:\/\/www.conversasdocoracao.com.br\/blog\/?p=2424"},"modified":"2021-10-25T19:35:42","modified_gmt":"2021-10-25T22:35:42","slug":"amor-e-paixao-conflito","status":"publish","type":"post","link":"https:\/\/www.conversasdocoracao.com.br\/blog\/2021\/10\/18\/amor-e-paixao-conflito\/","title":{"rendered":"AMOR E PAIX\u00c3O (CONFLITO)."},"content":{"rendered":"<p>Domingo. Saboreando uma ta\u00e7a de vinho tinto, na ampla\u00a0 varanda de meu apartamento, frente ao mar. Raro momento, mesclado de prazer e saudade. Certa nostalgia no ambiente. Raios faiscando no horizonte e um mar violento como pano de fundo. Ondas gigantes. Assustadoras. Aqui, eu e meus pensamentos. Torturantes. Infi\u00e9is e trai\u00e7oeiros. Malditos pensamentos! Chegam sem serem convidados, abalando a aparente harmonia que insisto transparecer real. Coisas do meu racional. Tremendo rochedo que n\u00e3o deixa vazar quase nada do que sinto. Quase! Batida de maracuj\u00e1 consegue enfraquecer esse rochedo! Sozinho, sentado na poltrona verde musgo comprada h\u00e1 anos, poucas semanas antes do casamento. Em meio a correria do cas\u00f3rio resolvi ir at\u00e9 Itatiba, cidadezinha pr\u00f3xima, onde havia ofertas de excelentes m\u00f3veis. Assim que avistei aquela poltrona no canto da loja, logo de cara, me apaixonei. Verde foi sempre minha cor favorita. Tinha um design perfeito. Feliz, arrumei meu ninho, como um &#8220;bem te vi&#8221; apaixonado pelo canto em que iria morar, enfeiti\u00e7ado por aquela pessoa que tinha encantado a minha vida t\u00e3o profundamente. Quantas loucuras! Devaneios malucos. &#8220;Travessuras de crian\u00e7as&#8221;. Quantas! Tudo t\u00e3o perfeito. Dava medo de tanta felicidade; por\u00e9m, o senhor tempo, poderoso e transformador, trouxe altera\u00e7\u00f5es. Com certeza, li\u00e7\u00f5es importantes, tamb\u00e9m. Temo que eu n\u00e3o tenha sido bom aluno. Os anos foram se passando. Do fogo, restou fuma\u00e7a. Densa. Escura. Algumas vezes colorida. N\u00e3o percebi que mudan\u00e7as lentas, quase impercept\u00edveis, foram deixando buracos internos e um vazio angustiante no cora\u00e7\u00e3o. Instinto de vida reagiu, fortemente, fundamental aos sentidos, na busca da sobreviv\u00eancia. Faltava pulsa\u00e7\u00e3o dentro de mim! Precisava sentir motiva\u00e7\u00e3o pela vida. Foi ent\u00e3o que inconscientemente acolhi uma nova pessoa em meu cora\u00e7\u00e3o. Chegou, sem pedir licen\u00e7a. Ancorou-se. Foi construindo um mundo colorido que\u00a0 nem lembrava mais existir. Nutriu tanto! Fortaleceu sentimentos an\u00eamicos, quase falidos. Nova vontade de viver. Fui ancorando num quadro emocional ambivalente, cheio de altos e baixos. Muitas vezes o diafragma aperta exageradamente. Inspiro fundo e vou levando a vida sentada na mesma poltrona verde, onde bem-te-vis nem fazem mais quest\u00e3o de alimentar os antigos sonhos. Ao mesmo tempo, novas \u00e2ncoras emocionais estimulando meus sentidos, trazendo vida e colorido. Culpa? Sempre! O mar sabe bem de minhas hist\u00f3rias. Sempre ouve meus queixumes apaixonados. Indecisos. Neste in\u00edcio de tarde, raios no c\u00e9u turquesa, assustando pela beleza e for\u00e7a, tocaram meu fogo interno. T\u00e3o forte! Conseguiram desestabilizar a r\u00edgida estrutura ps\u00edquica que montei pra me enganar. Neste estado vulner\u00e1vel, num repente, ou\u00e7o uma voz companheira e amorosa, chamando:- AMOR, O ALMO\u00c7O EST\u00c1 NA MESA!<\/p>\n","protected":false},"excerpt":{"rendered":"<p>Domingo. Saboreando uma ta\u00e7a de vinho tinto, na ampla\u00a0 varanda de meu apartamento, frente ao mar. Raro momento, mesclado de prazer e saudade. Certa nostalgia no ambiente. Raios faiscando no horizonte e um mar violento como pano de fundo. Ondas gigantes. Assustadoras. Aqui, eu e meus pensamentos. Torturantes. Infi\u00e9is e trai\u00e7oeiros. Malditos pensamentos! Chegam sem &hellip; <a href=\"https:\/\/www.conversasdocoracao.com.br\/blog\/2021\/10\/18\/amor-e-paixao-conflito\/\" class=\"more-link\">Continue lendo<span class=\"screen-reader-text\"> &#8220;AMOR E PAIX\u00c3O (CONFLITO).&#8221;<\/span><\/a><\/p>\n","protected":false},"author":2,"featured_media":0,"comment_status":"closed","ping_status":"closed","sticky":false,"template":"","format":"standard","meta":[],"categories":[1],"tags":[],"_links":{"self":[{"href":"https:\/\/www.conversasdocoracao.com.br\/blog\/wp-json\/wp\/v2\/posts\/2424"}],"collection":[{"href":"https:\/\/www.conversasdocoracao.com.br\/blog\/wp-json\/wp\/v2\/posts"}],"about":[{"href":"https:\/\/www.conversasdocoracao.com.br\/blog\/wp-json\/wp\/v2\/types\/post"}],"author":[{"embeddable":true,"href":"https:\/\/www.conversasdocoracao.com.br\/blog\/wp-json\/wp\/v2\/users\/2"}],"replies":[{"embeddable":true,"href":"https:\/\/www.conversasdocoracao.com.br\/blog\/wp-json\/wp\/v2\/comments?post=2424"}],"version-history":[{"count":14,"href":"https:\/\/www.conversasdocoracao.com.br\/blog\/wp-json\/wp\/v2\/posts\/2424\/revisions"}],"predecessor-version":[{"id":2452,"href":"https:\/\/www.conversasdocoracao.com.br\/blog\/wp-json\/wp\/v2\/posts\/2424\/revisions\/2452"}],"wp:attachment":[{"href":"https:\/\/www.conversasdocoracao.com.br\/blog\/wp-json\/wp\/v2\/media?parent=2424"}],"wp:term":[{"taxonomy":"category","embeddable":true,"href":"https:\/\/www.conversasdocoracao.com.br\/blog\/wp-json\/wp\/v2\/categories?post=2424"},{"taxonomy":"post_tag","embeddable":true,"href":"https:\/\/www.conversasdocoracao.com.br\/blog\/wp-json\/wp\/v2\/tags?post=2424"}],"curies":[{"name":"wp","href":"https:\/\/api.w.org\/{rel}","templated":true}]}}