{"id":417,"date":"2018-04-11T17:33:56","date_gmt":"2018-04-11T19:33:56","guid":{"rendered":"https:\/\/www.conversasdocoracao.com.br\/blog\/?p=417"},"modified":"2018-09-20T17:30:45","modified_gmt":"2018-09-20T19:30:45","slug":"uma-senhora-muito-antiga","status":"publish","type":"post","link":"https:\/\/www.conversasdocoracao.com.br\/blog\/2018\/04\/11\/uma-senhora-muito-antiga\/","title":{"rendered":"UMA SENHORA MUITO ANTIGA (culpa)"},"content":{"rendered":"<p>Berenice me procurou porque estava numa ang\u00fastia\u00a0muito grande, com dificuldades\u00a0 de administrar seu estado emocional, naquele momento de vida! Sua queixa\u00a0come\u00e7a \u00e0 partir de um casamento r\u00e1pido e falido em que\u00a0se separou e foi morar com a\u00a0m\u00e3e! Fez essa escolha porque estava carente e sofrendo muito! Precisava de acolhimento e de um tempo pra tentar\u00a0se estruturar. Trazia como bagagem, tristezas e d\u00favidas. Encontrou na m\u00e3e um suporte emocional muito importante. Ela a recebeu com cora\u00e7\u00e3o e bra\u00e7os abertos! Fazia comidinhas deliciosas e muitos carinhos! Helena, esse era seu nome, voltou a trata-l\u00e1\u00a0como quando era crian\u00e7a. &#8220;Parecia uma fera tentando protege-la dos animais perigosos&#8221;! No in\u00edcio isso foi bom, afinal, Berenice\u00a0estava fr\u00e1gil e dependente! Assim o tempo foi passando! A vida voltando a trazer desafios, ela enfrentando-os e sobretudo superando-os! Lentamente a alegria de viver foi ocupando espa\u00e7os internos e ela come\u00e7ando a sorrir novamente! Com esse novo olhar, foi sentindo a \u00a0necessidade de novos caminhos e espa\u00e7os! A m\u00e3e por sua vez, andava feliz da vida por se sentir \u00fatil, continuava\u00a0olhando sua filhinha como se ela continuasse muito fragilizada e dependente! Toda vez que Berenice tentava mostrar que j\u00e1 estava\u00a0pronta pra recome\u00e7ar e correr atr\u00e1s de seus sonhos e desejos, sua m\u00e3e\u00a0desconversava.\u00a0 Os conflitos foram aumentando entre as duas! Berenice j\u00e1 n\u00e3o tolerava mais viver dessa forma. Tentava dizer \u00e0 Helena, sua m\u00e3e, que n\u00e3o iria abandona-la, mas que tamb\u00e9m n\u00e3o podia abandonar a si pr\u00f3pria! Explicava que estava tentando recuperar sua autonomia emocional e oferecer tamb\u00e9m\u00a0\u00e0 ela a mesma chance! Estava expl\u00edcito que Helena\u00a0nesse epis\u00f3dio todo havia sofrido uma regress\u00e3o. Estava com muitas dificuldades de enxergar a filha como adulta, se acomodando nessa situa\u00e7\u00e3o. Na verdade ela estava com dificuldades de olhar pra sua pr\u00f3pria vida. N\u00e3o queria simplesmente falar sobre o tema &#8220;mudan\u00e7a&#8221;! Ficou deprimida, sentindo-se relegada e rejeitada. Conflito instalado! Desejos queimando! CULPA MASSACRANDO!<\/p>\n","protected":false},"excerpt":{"rendered":"<p>Berenice me procurou porque estava numa ang\u00fastia\u00a0muito grande, com dificuldades\u00a0 de administrar seu estado emocional, naquele momento de vida! Sua queixa\u00a0come\u00e7a \u00e0 partir de um casamento r\u00e1pido e falido em que\u00a0se separou e foi morar com a\u00a0m\u00e3e! Fez essa escolha porque estava carente e sofrendo muito! Precisava de acolhimento e de um tempo pra tentar\u00a0se &hellip; <a href=\"https:\/\/www.conversasdocoracao.com.br\/blog\/2018\/04\/11\/uma-senhora-muito-antiga\/\" class=\"more-link\">Continue lendo<span class=\"screen-reader-text\"> &#8220;UMA SENHORA MUITO ANTIGA (culpa)&#8221;<\/span><\/a><\/p>\n","protected":false},"author":2,"featured_media":0,"comment_status":"open","ping_status":"open","sticky":false,"template":"","format":"standard","meta":[],"categories":[1],"tags":[],"_links":{"self":[{"href":"https:\/\/www.conversasdocoracao.com.br\/blog\/wp-json\/wp\/v2\/posts\/417"}],"collection":[{"href":"https:\/\/www.conversasdocoracao.com.br\/blog\/wp-json\/wp\/v2\/posts"}],"about":[{"href":"https:\/\/www.conversasdocoracao.com.br\/blog\/wp-json\/wp\/v2\/types\/post"}],"author":[{"embeddable":true,"href":"https:\/\/www.conversasdocoracao.com.br\/blog\/wp-json\/wp\/v2\/users\/2"}],"replies":[{"embeddable":true,"href":"https:\/\/www.conversasdocoracao.com.br\/blog\/wp-json\/wp\/v2\/comments?post=417"}],"version-history":[{"count":7,"href":"https:\/\/www.conversasdocoracao.com.br\/blog\/wp-json\/wp\/v2\/posts\/417\/revisions"}],"predecessor-version":[{"id":602,"href":"https:\/\/www.conversasdocoracao.com.br\/blog\/wp-json\/wp\/v2\/posts\/417\/revisions\/602"}],"wp:attachment":[{"href":"https:\/\/www.conversasdocoracao.com.br\/blog\/wp-json\/wp\/v2\/media?parent=417"}],"wp:term":[{"taxonomy":"category","embeddable":true,"href":"https:\/\/www.conversasdocoracao.com.br\/blog\/wp-json\/wp\/v2\/categories?post=417"},{"taxonomy":"post_tag","embeddable":true,"href":"https:\/\/www.conversasdocoracao.com.br\/blog\/wp-json\/wp\/v2\/tags?post=417"}],"curies":[{"name":"wp","href":"https:\/\/api.w.org\/{rel}","templated":true}]}}