{"id":423,"date":"2018-04-12T14:54:07","date_gmt":"2018-04-12T16:54:07","guid":{"rendered":"https:\/\/www.conversasdocoracao.com.br\/blog\/?p=423"},"modified":"2018-09-20T17:28:31","modified_gmt":"2018-09-20T19:28:31","slug":"o-retorno-energetico","status":"publish","type":"post","link":"https:\/\/www.conversasdocoracao.com.br\/blog\/2018\/04\/12\/o-retorno-energetico\/","title":{"rendered":"O RETORNO ENERG\u00c9TICO (INVEJA)"},"content":{"rendered":"<p>Fiquei pensando hoje o quanto\u00a0a vida \u00e9 feita de retornos! A velha express\u00e3o, &#8220;(tudo que emanamos, recebemos de volta, na mesma propor\u00e7\u00e3o&#8221;), \u00e9 uma realidade! N\u00e3o h\u00e1 como fugir desse movimento! Tenho vivido e visto essa hist\u00f3ria se repetir! A prop\u00f3sito, um dia desses, folhando um livro antigo de minha adolesc\u00eancia, me deparei com uma hist\u00f3ria que resumia bem isso!\u00a0L\u00e1 havia um pr\u00edncipe, uma princesa e uma vil\u00e3, menina invejosa, e por isso n\u00e3o conseguia construir sua pr\u00f3pria felicidade! Ela tamb\u00e9m morava no\u00a0mesmo pal\u00e1cio.\u00a0Seu passatempo emocional preferido era tentar destruir a felicidade do outro! Essa vil\u00e3, na hist\u00f3ria, se incomodava muito com a alegria da princesa que era\u00a0bonita e\u00a0simples. A\u00a0invejosa desenvolvia pensamentos e atitudes destrutivas em rela\u00e7\u00e3o \u00e0 princesa, o tempo todo.\u00a0N\u00e3o se preocupava consigo mesma!\u00a0Quando o pr\u00edncipe se apaixonou por essa princesa, a vil\u00e3, n\u00e3o suportou!\u00a0Entrou em desespero! Tentou de tudo pra chamar a aten\u00e7\u00e3o e seduzi-lo!\u00a0O seu \u00f3dio contra a princesa, aumentava na propor\u00e7\u00e3o de sua frustra\u00e7\u00e3o! Quando\u00a0ela\u00a0se deu conta que era imposs\u00edvel atingir o seu objetivo, que n\u00e3o conseguiria conquist\u00e1-lo, resolveu, na sua insanidade, que iria destruir os dois! Ficou assim por um longo tempo, se alimentando desses sentimentos destrutivos e cada vez mais se afastando do seu cerne! Essa negatividade a imobilizava energeticamente.\u00a0Foi se tornando o seu pr\u00f3prio alvo! Seu cora\u00e7\u00e3o foi ficando cada vez mais doente, sem condi\u00e7\u00f5es de sentimentos genu\u00ednos pra se\u00a0alimentar saudavelmente. Se ancorou num isolamento &#8220;de morte&#8221;, se realimentando s\u00f3 do \u00f3dio que emanou! Quanto aos pr\u00edncipes, &#8221; FORAM FELIZES PARA SEMPRE&#8221;!<\/p>\n","protected":false},"excerpt":{"rendered":"<p>Fiquei pensando hoje o quanto\u00a0a vida \u00e9 feita de retornos! A velha express\u00e3o, &#8220;(tudo que emanamos, recebemos de volta, na mesma propor\u00e7\u00e3o&#8221;), \u00e9 uma realidade! N\u00e3o h\u00e1 como fugir desse movimento! Tenho vivido e visto essa hist\u00f3ria se repetir! A prop\u00f3sito, um dia desses, folhando um livro antigo de minha adolesc\u00eancia, me deparei com uma &hellip; <a href=\"https:\/\/www.conversasdocoracao.com.br\/blog\/2018\/04\/12\/o-retorno-energetico\/\" class=\"more-link\">Continue lendo<span class=\"screen-reader-text\"> &#8220;O RETORNO ENERG\u00c9TICO (INVEJA)&#8221;<\/span><\/a><\/p>\n","protected":false},"author":2,"featured_media":0,"comment_status":"open","ping_status":"open","sticky":false,"template":"","format":"standard","meta":[],"categories":[1],"tags":[],"_links":{"self":[{"href":"https:\/\/www.conversasdocoracao.com.br\/blog\/wp-json\/wp\/v2\/posts\/423"}],"collection":[{"href":"https:\/\/www.conversasdocoracao.com.br\/blog\/wp-json\/wp\/v2\/posts"}],"about":[{"href":"https:\/\/www.conversasdocoracao.com.br\/blog\/wp-json\/wp\/v2\/types\/post"}],"author":[{"embeddable":true,"href":"https:\/\/www.conversasdocoracao.com.br\/blog\/wp-json\/wp\/v2\/users\/2"}],"replies":[{"embeddable":true,"href":"https:\/\/www.conversasdocoracao.com.br\/blog\/wp-json\/wp\/v2\/comments?post=423"}],"version-history":[{"count":4,"href":"https:\/\/www.conversasdocoracao.com.br\/blog\/wp-json\/wp\/v2\/posts\/423\/revisions"}],"predecessor-version":[{"id":601,"href":"https:\/\/www.conversasdocoracao.com.br\/blog\/wp-json\/wp\/v2\/posts\/423\/revisions\/601"}],"wp:attachment":[{"href":"https:\/\/www.conversasdocoracao.com.br\/blog\/wp-json\/wp\/v2\/media?parent=423"}],"wp:term":[{"taxonomy":"category","embeddable":true,"href":"https:\/\/www.conversasdocoracao.com.br\/blog\/wp-json\/wp\/v2\/categories?post=423"},{"taxonomy":"post_tag","embeddable":true,"href":"https:\/\/www.conversasdocoracao.com.br\/blog\/wp-json\/wp\/v2\/tags?post=423"}],"curies":[{"name":"wp","href":"https:\/\/api.w.org\/{rel}","templated":true}]}}