{"id":458,"date":"2018-06-20T13:14:32","date_gmt":"2018-06-20T15:14:32","guid":{"rendered":"https:\/\/www.conversasdocoracao.com.br\/blog\/?p=458"},"modified":"2018-09-19T18:22:16","modified_gmt":"2018-09-19T20:22:16","slug":"conversando-com-voce","status":"publish","type":"post","link":"https:\/\/www.conversasdocoracao.com.br\/blog\/2018\/06\/20\/conversando-com-voce\/","title":{"rendered":"CONVERSANDO COM VOCE  (ALONGAR E RESPIRAR)"},"content":{"rendered":"<p>Voc\u00ea sabe o quanto tem de voc\u00ea em mim e o quanto tem de mim em voc\u00ea? Provavelmente assim de cara parece brincadeira! Na ess\u00eancia as pessoas s\u00e3o muito semelhantes. Voc\u00ea assim como eu, tem sonhos, fantasias e emo\u00e7\u00f5es, ligadas diretamente \u00e0s \u00a0suas expectativas. Deseja realizar tudo que planejou e buscar a felicidade almejada. Outro dia conversando com Helena, minha amiga do peito, viajamos juntas neste tema! Abrindo nossos \u00a0cora\u00e7\u00f5es, no viajar das palavras e frases, pudemos tamb\u00e9m sentir a semelhan\u00e7a que existe entre n\u00f3s, confirmando essa tese! Todo mundo quer ser feliz! O jeito de buscar essa tal felicidade \u00e9 que pode\u00a0complicar o caminho. Nesse momento quem atua \u00e9 o car\u00e1ter e dependendo desse car\u00e1ter,\u00a0pode ser destruidor o desastre! Cada \u00a0car\u00e1ter atua de uma forma espec\u00edfica\u00a0nas atitude s diante da vida, sendo diretamente ligado\u00a0\u00e0s experi\u00eancias emocionais vividas! De uma forma geral,\u00a0uns dos &#8220;rem\u00e9dios&#8221; mais eficazes pra todo tipo de pessoa, \u00e9 saber,\u00a0\u00a0&#8220;ALONGAR E RESPIRAR&#8221;!\u00a0O alongamento e respira\u00e7\u00e3o\u00a0adequados permitem que o corpo n\u00e3o se contraia tanto e possibilita uma maior clareza de sentimentos e pensamentos. Desta forma as solu\u00e7\u00f5es assertivas ficam mais f\u00e1ceis de serem atingidas e a\u00a0sensa\u00e7\u00e3o de\u00a0felicidade poder\u00e1\u00a0ficar mais acess\u00edvel! Felicidade \u00e9 um estado de esp\u00edrito\u00a0dentro de um corpo descontra\u00eddo! Muitas vezes, tudo que precisamos est\u00e1 embaixo do nosso nariz, mas, esse &#8220;ponto cego&#8221; da neurose impossibilita de se\u00a0enxergar essa luz!<\/p>\n","protected":false},"excerpt":{"rendered":"<p>Voc\u00ea sabe o quanto tem de voc\u00ea em mim e o quanto tem de mim em voc\u00ea? Provavelmente assim de cara parece brincadeira! Na ess\u00eancia as pessoas s\u00e3o muito semelhantes. Voc\u00ea assim como eu, tem sonhos, fantasias e emo\u00e7\u00f5es, ligadas diretamente \u00e0s \u00a0suas expectativas. Deseja realizar tudo que planejou e buscar a felicidade almejada. Outro &hellip; <a href=\"https:\/\/www.conversasdocoracao.com.br\/blog\/2018\/06\/20\/conversando-com-voce\/\" class=\"more-link\">Continue lendo<span class=\"screen-reader-text\"> &#8220;CONVERSANDO COM VOCE  (ALONGAR E RESPIRAR)&#8221;<\/span><\/a><\/p>\n","protected":false},"author":2,"featured_media":0,"comment_status":"open","ping_status":"open","sticky":false,"template":"","format":"standard","meta":[],"categories":[1],"tags":[],"_links":{"self":[{"href":"https:\/\/www.conversasdocoracao.com.br\/blog\/wp-json\/wp\/v2\/posts\/458"}],"collection":[{"href":"https:\/\/www.conversasdocoracao.com.br\/blog\/wp-json\/wp\/v2\/posts"}],"about":[{"href":"https:\/\/www.conversasdocoracao.com.br\/blog\/wp-json\/wp\/v2\/types\/post"}],"author":[{"embeddable":true,"href":"https:\/\/www.conversasdocoracao.com.br\/blog\/wp-json\/wp\/v2\/users\/2"}],"replies":[{"embeddable":true,"href":"https:\/\/www.conversasdocoracao.com.br\/blog\/wp-json\/wp\/v2\/comments?post=458"}],"version-history":[{"count":5,"href":"https:\/\/www.conversasdocoracao.com.br\/blog\/wp-json\/wp\/v2\/posts\/458\/revisions"}],"predecessor-version":[{"id":593,"href":"https:\/\/www.conversasdocoracao.com.br\/blog\/wp-json\/wp\/v2\/posts\/458\/revisions\/593"}],"wp:attachment":[{"href":"https:\/\/www.conversasdocoracao.com.br\/blog\/wp-json\/wp\/v2\/media?parent=458"}],"wp:term":[{"taxonomy":"category","embeddable":true,"href":"https:\/\/www.conversasdocoracao.com.br\/blog\/wp-json\/wp\/v2\/categories?post=458"},{"taxonomy":"post_tag","embeddable":true,"href":"https:\/\/www.conversasdocoracao.com.br\/blog\/wp-json\/wp\/v2\/tags?post=458"}],"curies":[{"name":"wp","href":"https:\/\/api.w.org\/{rel}","templated":true}]}}