{"id":499,"date":"2018-08-14T11:52:36","date_gmt":"2018-08-14T13:52:36","guid":{"rendered":"https:\/\/www.conversasdocoracao.com.br\/blog\/?p=499"},"modified":"2018-10-24T23:30:52","modified_gmt":"2018-10-25T01:30:52","slug":"o-abraco-de-lorena","status":"publish","type":"post","link":"https:\/\/www.conversasdocoracao.com.br\/blog\/2018\/08\/14\/o-abraco-de-lorena\/","title":{"rendered":"O ABRA\u00c7O DE LORENA ( CONTATO DO AMOR)"},"content":{"rendered":"<p>Doce muito doce! Me lembra o prazer dos caramelos que eu tanto adorava na minha meninice! Como era bom , Meu Deus! Me traz o gosto delicioso de todas as frutas vermelhas que eu tanto amo! Me faz sentir leve como uma pluma ao vento! Feliz! Voando! Quando seus pequenos bra\u00e7os, macios e fortes se abrem em minha dire\u00e7\u00e3o, trazendo um doce beijo, \u00e9 como se todos os Anjos, estivessem cantando em coro, um hino falando de amor! Morrer nesse momento deve ser como numa dan\u00e7a intensa em que a alma se despreende do corpo e sai dan\u00e7ando por ai, distribuindo a ess\u00eancia da vida!<\/p>\n","protected":false},"excerpt":{"rendered":"<p>Doce muito doce! Me lembra o prazer dos caramelos que eu tanto adorava na minha meninice! Como era bom , Meu Deus! Me traz o gosto delicioso de todas as frutas vermelhas que eu tanto amo! Me faz sentir leve como uma pluma ao vento! Feliz! Voando! Quando seus pequenos bra\u00e7os, macios e fortes se &hellip; <a href=\"https:\/\/www.conversasdocoracao.com.br\/blog\/2018\/08\/14\/o-abraco-de-lorena\/\" class=\"more-link\">Continue lendo<span class=\"screen-reader-text\"> &#8220;O ABRA\u00c7O DE LORENA ( CONTATO DO AMOR)&#8221;<\/span><\/a><\/p>\n","protected":false},"author":2,"featured_media":0,"comment_status":"open","ping_status":"open","sticky":false,"template":"","format":"standard","meta":[],"categories":[1],"tags":[],"_links":{"self":[{"href":"https:\/\/www.conversasdocoracao.com.br\/blog\/wp-json\/wp\/v2\/posts\/499"}],"collection":[{"href":"https:\/\/www.conversasdocoracao.com.br\/blog\/wp-json\/wp\/v2\/posts"}],"about":[{"href":"https:\/\/www.conversasdocoracao.com.br\/blog\/wp-json\/wp\/v2\/types\/post"}],"author":[{"embeddable":true,"href":"https:\/\/www.conversasdocoracao.com.br\/blog\/wp-json\/wp\/v2\/users\/2"}],"replies":[{"embeddable":true,"href":"https:\/\/www.conversasdocoracao.com.br\/blog\/wp-json\/wp\/v2\/comments?post=499"}],"version-history":[{"count":4,"href":"https:\/\/www.conversasdocoracao.com.br\/blog\/wp-json\/wp\/v2\/posts\/499\/revisions"}],"predecessor-version":[{"id":587,"href":"https:\/\/www.conversasdocoracao.com.br\/blog\/wp-json\/wp\/v2\/posts\/499\/revisions\/587"}],"wp:attachment":[{"href":"https:\/\/www.conversasdocoracao.com.br\/blog\/wp-json\/wp\/v2\/media?parent=499"}],"wp:term":[{"taxonomy":"category","embeddable":true,"href":"https:\/\/www.conversasdocoracao.com.br\/blog\/wp-json\/wp\/v2\/categories?post=499"},{"taxonomy":"post_tag","embeddable":true,"href":"https:\/\/www.conversasdocoracao.com.br\/blog\/wp-json\/wp\/v2\/tags?post=499"}],"curies":[{"name":"wp","href":"https:\/\/api.w.org\/{rel}","templated":true}]}}